{"id":15425,"date":"2023-12-02T23:49:55","date_gmt":"2023-12-02T23:49:55","guid":{"rendered":"https:\/\/palaceostromecko.pl\/gordon-konzert-fur-familien-mit-musik-aus-der-tatra\/"},"modified":"2023-12-02T23:49:55","modified_gmt":"2023-12-02T23:49:55","slug":"gordon-konzert-fur-familien-mit-musik-aus-der-tatra","status":"publish","type":"post","link":"https:\/\/palaceostromecko.pl\/de\/gordon-konzert-fur-familien-mit-musik-aus-der-tatra\/","title":{"rendered":"Gordon-Konzert f\u00fcr Familien mit Musik aus der Tatra"},"content":{"rendered":"\n<p><strong>17.12.2023 Uhr. 12.00<br>Schloss Neu Ostromecko<br>30 PLN auf der Plattform verf\u00fcgbar:<\/strong><\/p>\n\n\n\n<p><a href=\"https:\/\/eventon.click\/event\/koncert-gordonowski-dla-rodzin-z-muzyka-spod-samiuskich-tater\/\" target=\"_blank\" rel=\"noreferrer noopener\">TICKETS HIER<\/a><\/p>\n\n\n\n<p>Genie\u00dfen Sie ein festliches, weihnachtliches Weihnachtsfest. Wir kommen zu Ihnen mit einem Weihnachtslied, einem Hirtenlied, gef\u00fcllt mit Hochlandvolk &#8211; aus der Tatra selbst. Unsere Instrumentalisten sind: Prim\u00e4rspieler, Sekund\u00e4rspieler, Bassist. F\u00fcr Sie werden wir Fl\u00f6ten, Okarinas und Ziegen spielen. Der Charme der Podhale-Musik ist einzigartig, und so kommen wir zu Ihnen mit dieser sch\u00f6nen Folklore.&nbsp;<\/p>\n\n\n\n<p>Das Konzert wird von &nbsp;unseren&nbsp;singenden Kindergartenkindern und Sch\u00fclern der Perpetuum Mobile-Einrichtungen der Creative Education Foundation besucht. Nach dem Konzert k\u00f6nnen Sie in den R\u00e4umen des Schlosses einen Kochworkshop besuchen.<\/p>\n\n\n\n<p>Die Mitorganisatoren der Veranstaltung sind: St\u00e4dtisches Kulturzentrum, Stiftung f\u00fcr kreative Bildung, Polnische E.E. Gordon-Gesellschaft und das Polnische Institut f\u00fcr E.E. Gordon-P\u00e4dagogik.<\/p>\n","protected":false},"excerpt":{"rendered":"<p>17.12.2023 Uhr. 12.00Schloss Neu Ostromecko30 PLN auf der Plattform verf\u00fcgbar: TICKETS HIER Genie\u00dfen Sie ein festliches, weihnachtliches Weihnachtsfest. Wir kommen zu Ihnen mit einem Weihnachtslied, einem [&hellip;]<\/p>\n","protected":false},"author":6,"featured_media":15420,"comment_status":"closed","ping_status":"closed","sticky":false,"template":"","format":"standard","meta":{"footnotes":""},"categories":[30],"tags":[],"class_list":["post-15425","post","type-post","status-publish","format-standard","has-post-thumbnail","hentry","category-neuigkeiten"],"yoast_head":"<!-- This site is optimized with the Yoast SEO plugin v27.1.1 - https:\/\/yoast.com\/product\/yoast-seo-wordpress\/ -->\n<title>Gordon-Konzert f\u00fcr Familien mit Musik aus der Tatra - ZPP Ostromecko<\/title>\n<meta name=\"robots\" content=\"index, follow, max-snippet:-1, max-image-preview:large, max-video-preview:-1\" \/>\n<link rel=\"canonical\" href=\"https:\/\/palaceostromecko.pl\/de\/gordon-konzert-fur-familien-mit-musik-aus-der-tatra\/\" \/>\n<meta property=\"og:locale\" content=\"de_DE\" \/>\n<meta property=\"og:type\" content=\"article\" \/>\n<meta property=\"og:title\" content=\"Gordon-Konzert f\u00fcr Familien mit Musik aus der Tatra - ZPP Ostromecko\" \/>\n<meta property=\"og:description\" content=\"17.12.2023 Uhr. 12.00Schloss Neu Ostromecko30 PLN auf der Plattform verf\u00fcgbar: TICKETS HIER Genie\u00dfen Sie ein festliches, weihnachtliches Weihnachtsfest. Wir kommen zu Ihnen mit einem Weihnachtslied, einem [&hellip;]\" \/>\n<meta property=\"og:url\" content=\"https:\/\/palaceostromecko.pl\/de\/gordon-konzert-fur-familien-mit-musik-aus-der-tatra\/\" \/>\n<meta property=\"og:site_name\" content=\"ZPP Ostromecko\" \/>\n<meta property=\"article:published_time\" content=\"2023-12-02T23:49:55+00:00\" \/>\n<meta property=\"og:image\" content=\"https:\/\/palaceostromecko.pl\/wp-content\/uploads\/2023\/12\/jaselka-2.jpeg\" \/>\n\t<meta property=\"og:image:width\" content=\"2048\" \/>\n\t<meta property=\"og:image:height\" content=\"1365\" \/>\n\t<meta property=\"og:image:type\" content=\"image\/jpeg\" \/>\n<meta name=\"author\" content=\"Patrycja Grz\u0119da\" \/>\n<meta name=\"twitter:card\" content=\"summary_large_image\" \/>\n<meta name=\"twitter:label1\" content=\"Written by\" \/>\n\t<meta name=\"twitter:data1\" content=\"Patrycja Grz\u0119da\" \/>\n\t<meta name=\"twitter:label2\" content=\"Est. reading time\" \/>\n\t<meta name=\"twitter:data2\" content=\"1 minute\" \/>\n<script type=\"application\/ld+json\" class=\"yoast-schema-graph\">{\"@context\":\"https:\/\/schema.org\",\"@graph\":[{\"@type\":\"Article\",\"@id\":\"https:\/\/palaceostromecko.pl\/de\/gordon-konzert-fur-familien-mit-musik-aus-der-tatra\/#article\",\"isPartOf\":{\"@id\":\"https:\/\/palaceostromecko.pl\/de\/gordon-konzert-fur-familien-mit-musik-aus-der-tatra\/\"},\"author\":{\"name\":\"Patrycja Grz\u0119da\",\"@id\":\"https:\/\/palaceostromecko.pl\/de\/#\/schema\/person\/47a86bfd3506208a79ad1b62bed21092\"},\"headline\":\"Gordon-Konzert f\u00fcr Familien mit Musik aus der Tatra\",\"datePublished\":\"2023-12-02T23:49:55+00:00\",\"mainEntityOfPage\":{\"@id\":\"https:\/\/palaceostromecko.pl\/de\/gordon-konzert-fur-familien-mit-musik-aus-der-tatra\/\"},\"wordCount\":145,\"image\":{\"@id\":\"https:\/\/palaceostromecko.pl\/de\/gordon-konzert-fur-familien-mit-musik-aus-der-tatra\/#primaryimage\"},\"thumbnailUrl\":\"https:\/\/palaceostromecko.pl\/wp-content\/uploads\/2023\/12\/jaselka-2.jpeg\",\"articleSection\":[\"Was gibt es Neues?\"],\"inLanguage\":\"de-DE\"},{\"@type\":\"WebPage\",\"@id\":\"https:\/\/palaceostromecko.pl\/de\/gordon-konzert-fur-familien-mit-musik-aus-der-tatra\/\",\"url\":\"https:\/\/palaceostromecko.pl\/de\/gordon-konzert-fur-familien-mit-musik-aus-der-tatra\/\",\"name\":\"Gordon-Konzert f\u00fcr Familien mit Musik aus der Tatra - ZPP Ostromecko\",\"isPartOf\":{\"@id\":\"https:\/\/palaceostromecko.pl\/de\/#website\"},\"primaryImageOfPage\":{\"@id\":\"https:\/\/palaceostromecko.pl\/de\/gordon-konzert-fur-familien-mit-musik-aus-der-tatra\/#primaryimage\"},\"image\":{\"@id\":\"https:\/\/palaceostromecko.pl\/de\/gordon-konzert-fur-familien-mit-musik-aus-der-tatra\/#primaryimage\"},\"thumbnailUrl\":\"https:\/\/palaceostromecko.pl\/wp-content\/uploads\/2023\/12\/jaselka-2.jpeg\",\"datePublished\":\"2023-12-02T23:49:55+00:00\",\"author\":{\"@id\":\"https:\/\/palaceostromecko.pl\/de\/#\/schema\/person\/47a86bfd3506208a79ad1b62bed21092\"},\"breadcrumb\":{\"@id\":\"https:\/\/palaceostromecko.pl\/de\/gordon-konzert-fur-familien-mit-musik-aus-der-tatra\/#breadcrumb\"},\"inLanguage\":\"de-DE\",\"potentialAction\":[{\"@type\":\"ReadAction\",\"target\":[\"https:\/\/palaceostromecko.pl\/de\/gordon-konzert-fur-familien-mit-musik-aus-der-tatra\/\"]}]},{\"@type\":\"ImageObject\",\"inLanguage\":\"de-DE\",\"@id\":\"https:\/\/palaceostromecko.pl\/de\/gordon-konzert-fur-familien-mit-musik-aus-der-tatra\/#primaryimage\",\"url\":\"https:\/\/palaceostromecko.pl\/wp-content\/uploads\/2023\/12\/jaselka-2.jpeg\",\"contentUrl\":\"https:\/\/palaceostromecko.pl\/wp-content\/uploads\/2023\/12\/jaselka-2.jpeg\",\"width\":2048,\"height\":1365},{\"@type\":\"BreadcrumbList\",\"@id\":\"https:\/\/palaceostromecko.pl\/de\/gordon-konzert-fur-familien-mit-musik-aus-der-tatra\/#breadcrumb\",\"itemListElement\":[{\"@type\":\"ListItem\",\"position\":1,\"name\":\"Strona g\u0142\u00f3wna\",\"item\":\"https:\/\/palaceostromecko.pl\/de\/\"},{\"@type\":\"ListItem\",\"position\":2,\"name\":\"Gordon-Konzert f\u00fcr Familien mit Musik aus der Tatra\"}]},{\"@type\":\"WebSite\",\"@id\":\"https:\/\/palaceostromecko.pl\/de\/#website\",\"url\":\"https:\/\/palaceostromecko.pl\/de\/\",\"name\":\"ZPP Ostromecko\",\"description\":\"\",\"potentialAction\":[{\"@type\":\"SearchAction\",\"target\":{\"@type\":\"EntryPoint\",\"urlTemplate\":\"https:\/\/palaceostromecko.pl\/de\/?s={search_term_string}\"},\"query-input\":{\"@type\":\"PropertyValueSpecification\",\"valueRequired\":true,\"valueName\":\"search_term_string\"}}],\"inLanguage\":\"de-DE\"},{\"@type\":\"Person\",\"@id\":\"https:\/\/palaceostromecko.pl\/de\/#\/schema\/person\/47a86bfd3506208a79ad1b62bed21092\",\"name\":\"Patrycja Grz\u0119da\",\"image\":{\"@type\":\"ImageObject\",\"inLanguage\":\"de-DE\",\"@id\":\"https:\/\/palaceostromecko.pl\/de\/#\/schema\/person\/image\/\",\"url\":\"https:\/\/secure.gravatar.com\/avatar\/1d8560b682c37192b620a7ead49b73b9955755933b7bec87ddb9b3980fe31175?s=96&d=mm&r=g\",\"contentUrl\":\"https:\/\/secure.gravatar.com\/avatar\/1d8560b682c37192b620a7ead49b73b9955755933b7bec87ddb9b3980fe31175?s=96&d=mm&r=g\",\"caption\":\"Patrycja Grz\u0119da\"}}]}<\/script>\n<!-- \/ Yoast SEO plugin. -->","yoast_head_json":{"title":"Gordon-Konzert f\u00fcr Familien mit Musik aus der Tatra - ZPP Ostromecko","robots":{"index":"index","follow":"follow","max-snippet":"max-snippet:-1","max-image-preview":"max-image-preview:large","max-video-preview":"max-video-preview:-1"},"canonical":"https:\/\/palaceostromecko.pl\/de\/gordon-konzert-fur-familien-mit-musik-aus-der-tatra\/","og_locale":"de_DE","og_type":"article","og_title":"Gordon-Konzert f\u00fcr Familien mit Musik aus der Tatra - ZPP Ostromecko","og_description":"17.12.2023 Uhr. 12.00Schloss Neu Ostromecko30 PLN auf der Plattform verf\u00fcgbar: TICKETS HIER Genie\u00dfen Sie ein festliches, weihnachtliches Weihnachtsfest. Wir kommen zu Ihnen mit einem Weihnachtslied, einem [&hellip;]","og_url":"https:\/\/palaceostromecko.pl\/de\/gordon-konzert-fur-familien-mit-musik-aus-der-tatra\/","og_site_name":"ZPP Ostromecko","article_published_time":"2023-12-02T23:49:55+00:00","og_image":[{"width":2048,"height":1365,"url":"https:\/\/palaceostromecko.pl\/wp-content\/uploads\/2023\/12\/jaselka-2.jpeg","type":"image\/jpeg"}],"author":"Patrycja Grz\u0119da","twitter_card":"summary_large_image","twitter_misc":{"Written by":"Patrycja Grz\u0119da","Est. reading time":"1 minute"},"schema":{"@context":"https:\/\/schema.org","@graph":[{"@type":"Article","@id":"https:\/\/palaceostromecko.pl\/de\/gordon-konzert-fur-familien-mit-musik-aus-der-tatra\/#article","isPartOf":{"@id":"https:\/\/palaceostromecko.pl\/de\/gordon-konzert-fur-familien-mit-musik-aus-der-tatra\/"},"author":{"name":"Patrycja Grz\u0119da","@id":"https:\/\/palaceostromecko.pl\/de\/#\/schema\/person\/47a86bfd3506208a79ad1b62bed21092"},"headline":"Gordon-Konzert f\u00fcr Familien mit Musik aus der Tatra","datePublished":"2023-12-02T23:49:55+00:00","mainEntityOfPage":{"@id":"https:\/\/palaceostromecko.pl\/de\/gordon-konzert-fur-familien-mit-musik-aus-der-tatra\/"},"wordCount":145,"image":{"@id":"https:\/\/palaceostromecko.pl\/de\/gordon-konzert-fur-familien-mit-musik-aus-der-tatra\/#primaryimage"},"thumbnailUrl":"https:\/\/palaceostromecko.pl\/wp-content\/uploads\/2023\/12\/jaselka-2.jpeg","articleSection":["Was gibt es Neues?"],"inLanguage":"de-DE"},{"@type":"WebPage","@id":"https:\/\/palaceostromecko.pl\/de\/gordon-konzert-fur-familien-mit-musik-aus-der-tatra\/","url":"https:\/\/palaceostromecko.pl\/de\/gordon-konzert-fur-familien-mit-musik-aus-der-tatra\/","name":"Gordon-Konzert f\u00fcr Familien mit Musik aus der Tatra - ZPP Ostromecko","isPartOf":{"@id":"https:\/\/palaceostromecko.pl\/de\/#website"},"primaryImageOfPage":{"@id":"https:\/\/palaceostromecko.pl\/de\/gordon-konzert-fur-familien-mit-musik-aus-der-tatra\/#primaryimage"},"image":{"@id":"https:\/\/palaceostromecko.pl\/de\/gordon-konzert-fur-familien-mit-musik-aus-der-tatra\/#primaryimage"},"thumbnailUrl":"https:\/\/palaceostromecko.pl\/wp-content\/uploads\/2023\/12\/jaselka-2.jpeg","datePublished":"2023-12-02T23:49:55+00:00","author":{"@id":"https:\/\/palaceostromecko.pl\/de\/#\/schema\/person\/47a86bfd3506208a79ad1b62bed21092"},"breadcrumb":{"@id":"https:\/\/palaceostromecko.pl\/de\/gordon-konzert-fur-familien-mit-musik-aus-der-tatra\/#breadcrumb"},"inLanguage":"de-DE","potentialAction":[{"@type":"ReadAction","target":["https:\/\/palaceostromecko.pl\/de\/gordon-konzert-fur-familien-mit-musik-aus-der-tatra\/"]}]},{"@type":"ImageObject","inLanguage":"de-DE","@id":"https:\/\/palaceostromecko.pl\/de\/gordon-konzert-fur-familien-mit-musik-aus-der-tatra\/#primaryimage","url":"https:\/\/palaceostromecko.pl\/wp-content\/uploads\/2023\/12\/jaselka-2.jpeg","contentUrl":"https:\/\/palaceostromecko.pl\/wp-content\/uploads\/2023\/12\/jaselka-2.jpeg","width":2048,"height":1365},{"@type":"BreadcrumbList","@id":"https:\/\/palaceostromecko.pl\/de\/gordon-konzert-fur-familien-mit-musik-aus-der-tatra\/#breadcrumb","itemListElement":[{"@type":"ListItem","position":1,"name":"Strona g\u0142\u00f3wna","item":"https:\/\/palaceostromecko.pl\/de\/"},{"@type":"ListItem","position":2,"name":"Gordon-Konzert f\u00fcr Familien mit Musik aus der Tatra"}]},{"@type":"WebSite","@id":"https:\/\/palaceostromecko.pl\/de\/#website","url":"https:\/\/palaceostromecko.pl\/de\/","name":"ZPP Ostromecko","description":"","potentialAction":[{"@type":"SearchAction","target":{"@type":"EntryPoint","urlTemplate":"https:\/\/palaceostromecko.pl\/de\/?s={search_term_string}"},"query-input":{"@type":"PropertyValueSpecification","valueRequired":true,"valueName":"search_term_string"}}],"inLanguage":"de-DE"},{"@type":"Person","@id":"https:\/\/palaceostromecko.pl\/de\/#\/schema\/person\/47a86bfd3506208a79ad1b62bed21092","name":"Patrycja Grz\u0119da","image":{"@type":"ImageObject","inLanguage":"de-DE","@id":"https:\/\/palaceostromecko.pl\/de\/#\/schema\/person\/image\/","url":"https:\/\/secure.gravatar.com\/avatar\/1d8560b682c37192b620a7ead49b73b9955755933b7bec87ddb9b3980fe31175?s=96&d=mm&r=g","contentUrl":"https:\/\/secure.gravatar.com\/avatar\/1d8560b682c37192b620a7ead49b73b9955755933b7bec87ddb9b3980fe31175?s=96&d=mm&r=g","caption":"Patrycja Grz\u0119da"}}]}},"_links":{"self":[{"href":"https:\/\/palaceostromecko.pl\/de\/wp-json\/wp\/v2\/posts\/15425","targetHints":{"allow":["GET"]}}],"collection":[{"href":"https:\/\/palaceostromecko.pl\/de\/wp-json\/wp\/v2\/posts"}],"about":[{"href":"https:\/\/palaceostromecko.pl\/de\/wp-json\/wp\/v2\/types\/post"}],"author":[{"embeddable":true,"href":"https:\/\/palaceostromecko.pl\/de\/wp-json\/wp\/v2\/users\/6"}],"replies":[{"embeddable":true,"href":"https:\/\/palaceostromecko.pl\/de\/wp-json\/wp\/v2\/comments?post=15425"}],"version-history":[{"count":0,"href":"https:\/\/palaceostromecko.pl\/de\/wp-json\/wp\/v2\/posts\/15425\/revisions"}],"wp:featuredmedia":[{"embeddable":true,"href":"https:\/\/palaceostromecko.pl\/de\/wp-json\/wp\/v2\/media\/15420"}],"wp:attachment":[{"href":"https:\/\/palaceostromecko.pl\/de\/wp-json\/wp\/v2\/media?parent=15425"}],"wp:term":[{"taxonomy":"category","embeddable":true,"href":"https:\/\/palaceostromecko.pl\/de\/wp-json\/wp\/v2\/categories?post=15425"},{"taxonomy":"post_tag","embeddable":true,"href":"https:\/\/palaceostromecko.pl\/de\/wp-json\/wp\/v2\/tags?post=15425"}],"curies":[{"name":"wp","href":"https:\/\/api.w.org\/{rel}","templated":true}]}}