{"id":15424,"date":"2023-12-12T23:47:00","date_gmt":"2023-12-12T23:47:00","guid":{"rendered":"https:\/\/palaceostromecko.pl\/das-jahr-des-andrzej-szwalbe-andrzej-szwalbe-als-schirmherr-des-saals-im-neuen-schloss-in-ostromecko\/"},"modified":"2026-04-07T22:45:16","modified_gmt":"2026-04-07T22:45:16","slug":"das-jahr-des-andrzej-szwalbe-andrzej-szwalbe-als-schirmherr-des-saals-im-neuen-schloss-in-ostromecko","status":"publish","type":"post","link":"https:\/\/palaceostromecko.pl\/de\/das-jahr-des-andrzej-szwalbe-andrzej-szwalbe-als-schirmherr-des-saals-im-neuen-schloss-in-ostromecko\/","title":{"rendered":"DAS JAHR DES ANDRZEJ SZWALBE: Andrzej Szwalbe als Schirmherr des Saals im Neuen Schloss in Ostromecko"},"content":{"rendered":"\n<p><strong>16 grudnia 2023, godz. 17.00 \/ Pa\u0142ac Nowy w Ostromecku<\/strong><\/p>\n\n<p><strong>ROK ANDRZEJA SZWALBEGO: Andrzej Szwalbe patronem sali w Pa\u0142acu Nowym w Ostromecku<\/strong><\/p>\n\n<p><strong>Wst\u0119p wolny (bezp\u0142atne wej\u015bci\u00f3wki dost\u0119pne w kasie MCK w Bydgoszczy oraz w recepcji Pa\u0142acu Nowego w Ostromecku)<\/strong>.<\/p>\n\n<p>Gor\u0105co zapraszamy do Ostromecka na przed\u015bwi\u0105teczne spotkanie przedstawicieli instytucji i podmiot\u00f3w bior\u0105cych udzia\u0142 w obchodach 100. rocznicy urodzin Andrzeja Szwalbego.<\/p>\n\n<p>W programie: nadanie sali balowej ZPP w Ostromecku imienia Andrzeja Szwalbego, prezentacja fragmentu przygotowywanej wystawy stroj\u00f3w ze spektakli (przy wsp\u00f3\u0142pracy z Oper\u0105 Nova), koncert muzyki operowej i operetkowej \u2013 wykonawcy: Paulina Dybowska \u2013 mezzosopran, Sebastian Rutkowski \u2013 bas, Justyna Jakubowska \u2013 fortepian.<\/p>\n\n<p><strong>Partnerem wydarzenia jest Samorz\u0105d Wojew\u00f3dztwa Kujawsko-Pomorskiego.<\/strong><\/p>\n","protected":false},"excerpt":{"rendered":"<p>16 grudnia 2023, godz. 17.00 \/ Pa\u0142ac Nowy w Ostromecku ROK ANDRZEJA SZWALBEGO: Andrzej Szwalbe patronem sali w Pa\u0142acu Nowym w Ostromecku Wst\u0119p wolny (bezp\u0142atne wej\u015bci\u00f3wki [&hellip;]<\/p>\n","protected":false},"author":6,"featured_media":0,"comment_status":"closed","ping_status":"closed","sticky":false,"template":"","format":"standard","meta":{"footnotes":""},"categories":[30],"tags":[],"class_list":["post-15424","post","type-post","status-publish","format-standard","hentry","category-neuigkeiten"],"yoast_head":"<!-- This site is optimized with the Yoast SEO plugin v27.1.1 - https:\/\/yoast.com\/product\/yoast-seo-wordpress\/ -->\n<title>DAS JAHR DES ANDRZEJ SZWALBE: Andrzej Szwalbe als Schirmherr des Saals im Neuen Schloss in Ostromecko - ZPP Ostromecko<\/title>\n<meta name=\"robots\" content=\"index, follow, max-snippet:-1, max-image-preview:large, max-video-preview:-1\" \/>\n<link rel=\"canonical\" href=\"https:\/\/palaceostromecko.pl\/de\/das-jahr-des-andrzej-szwalbe-andrzej-szwalbe-als-schirmherr-des-saals-im-neuen-schloss-in-ostromecko\/\" \/>\n<meta property=\"og:locale\" content=\"de_DE\" \/>\n<meta property=\"og:type\" content=\"article\" \/>\n<meta property=\"og:title\" content=\"DAS JAHR DES ANDRZEJ SZWALBE: Andrzej Szwalbe als Schirmherr des Saals im Neuen Schloss in Ostromecko - ZPP Ostromecko\" \/>\n<meta property=\"og:description\" content=\"16 grudnia 2023, godz. 17.00 \/ Pa\u0142ac Nowy w Ostromecku ROK ANDRZEJA SZWALBEGO: Andrzej Szwalbe patronem sali w Pa\u0142acu Nowym w Ostromecku Wst\u0119p wolny (bezp\u0142atne wej\u015bci\u00f3wki [&hellip;]\" \/>\n<meta property=\"og:url\" content=\"https:\/\/palaceostromecko.pl\/de\/das-jahr-des-andrzej-szwalbe-andrzej-szwalbe-als-schirmherr-des-saals-im-neuen-schloss-in-ostromecko\/\" \/>\n<meta property=\"og:site_name\" content=\"ZPP Ostromecko\" \/>\n<meta property=\"article:published_time\" content=\"2023-12-12T23:47:00+00:00\" \/>\n<meta property=\"article:modified_time\" content=\"2026-04-07T22:45:16+00:00\" \/>\n<meta name=\"author\" content=\"Patrycja Grz\u0119da\" \/>\n<meta name=\"twitter:card\" content=\"summary_large_image\" \/>\n<meta name=\"twitter:label1\" content=\"Written by\" \/>\n\t<meta name=\"twitter:data1\" content=\"Patrycja Grz\u0119da\" \/>\n\t<meta name=\"twitter:label2\" content=\"Est. reading time\" \/>\n\t<meta name=\"twitter:data2\" content=\"1 minute\" \/>\n<script type=\"application\/ld+json\" class=\"yoast-schema-graph\">{\"@context\":\"https:\/\/schema.org\",\"@graph\":[{\"@type\":\"Article\",\"@id\":\"https:\/\/palaceostromecko.pl\/de\/das-jahr-des-andrzej-szwalbe-andrzej-szwalbe-als-schirmherr-des-saals-im-neuen-schloss-in-ostromecko\/#article\",\"isPartOf\":{\"@id\":\"https:\/\/palaceostromecko.pl\/de\/das-jahr-des-andrzej-szwalbe-andrzej-szwalbe-als-schirmherr-des-saals-im-neuen-schloss-in-ostromecko\/\"},\"author\":{\"name\":\"Patrycja Grz\u0119da\",\"@id\":\"https:\/\/palaceostromecko.pl\/de\/#\/schema\/person\/47a86bfd3506208a79ad1b62bed21092\"},\"headline\":\"DAS JAHR DES ANDRZEJ SZWALBE: Andrzej Szwalbe als Schirmherr des Saals im Neuen Schloss in Ostromecko\",\"datePublished\":\"2023-12-12T23:47:00+00:00\",\"dateModified\":\"2026-04-07T22:45:16+00:00\",\"mainEntityOfPage\":{\"@id\":\"https:\/\/palaceostromecko.pl\/de\/das-jahr-des-andrzej-szwalbe-andrzej-szwalbe-als-schirmherr-des-saals-im-neuen-schloss-in-ostromecko\/\"},\"wordCount\":131,\"articleSection\":[\"Was gibt es Neues?\"],\"inLanguage\":\"de-DE\"},{\"@type\":\"WebPage\",\"@id\":\"https:\/\/palaceostromecko.pl\/de\/das-jahr-des-andrzej-szwalbe-andrzej-szwalbe-als-schirmherr-des-saals-im-neuen-schloss-in-ostromecko\/\",\"url\":\"https:\/\/palaceostromecko.pl\/de\/das-jahr-des-andrzej-szwalbe-andrzej-szwalbe-als-schirmherr-des-saals-im-neuen-schloss-in-ostromecko\/\",\"name\":\"DAS JAHR DES ANDRZEJ SZWALBE: Andrzej Szwalbe als Schirmherr des Saals im Neuen Schloss in Ostromecko - ZPP Ostromecko\",\"isPartOf\":{\"@id\":\"https:\/\/palaceostromecko.pl\/de\/#website\"},\"datePublished\":\"2023-12-12T23:47:00+00:00\",\"dateModified\":\"2026-04-07T22:45:16+00:00\",\"author\":{\"@id\":\"https:\/\/palaceostromecko.pl\/de\/#\/schema\/person\/47a86bfd3506208a79ad1b62bed21092\"},\"breadcrumb\":{\"@id\":\"https:\/\/palaceostromecko.pl\/de\/das-jahr-des-andrzej-szwalbe-andrzej-szwalbe-als-schirmherr-des-saals-im-neuen-schloss-in-ostromecko\/#breadcrumb\"},\"inLanguage\":\"de-DE\",\"potentialAction\":[{\"@type\":\"ReadAction\",\"target\":[\"https:\/\/palaceostromecko.pl\/de\/das-jahr-des-andrzej-szwalbe-andrzej-szwalbe-als-schirmherr-des-saals-im-neuen-schloss-in-ostromecko\/\"]}]},{\"@type\":\"BreadcrumbList\",\"@id\":\"https:\/\/palaceostromecko.pl\/de\/das-jahr-des-andrzej-szwalbe-andrzej-szwalbe-als-schirmherr-des-saals-im-neuen-schloss-in-ostromecko\/#breadcrumb\",\"itemListElement\":[{\"@type\":\"ListItem\",\"position\":1,\"name\":\"Strona g\u0142\u00f3wna\",\"item\":\"https:\/\/palaceostromecko.pl\/de\/\"},{\"@type\":\"ListItem\",\"position\":2,\"name\":\"DAS JAHR DES ANDRZEJ SZWALBE: Andrzej Szwalbe als Schirmherr des Saals im Neuen Schloss in Ostromecko\"}]},{\"@type\":\"WebSite\",\"@id\":\"https:\/\/palaceostromecko.pl\/de\/#website\",\"url\":\"https:\/\/palaceostromecko.pl\/de\/\",\"name\":\"ZPP Ostromecko\",\"description\":\"\",\"potentialAction\":[{\"@type\":\"SearchAction\",\"target\":{\"@type\":\"EntryPoint\",\"urlTemplate\":\"https:\/\/palaceostromecko.pl\/de\/?s={search_term_string}\"},\"query-input\":{\"@type\":\"PropertyValueSpecification\",\"valueRequired\":true,\"valueName\":\"search_term_string\"}}],\"inLanguage\":\"de-DE\"},{\"@type\":\"Person\",\"@id\":\"https:\/\/palaceostromecko.pl\/de\/#\/schema\/person\/47a86bfd3506208a79ad1b62bed21092\",\"name\":\"Patrycja Grz\u0119da\",\"image\":{\"@type\":\"ImageObject\",\"inLanguage\":\"de-DE\",\"@id\":\"https:\/\/palaceostromecko.pl\/de\/#\/schema\/person\/image\/\",\"url\":\"https:\/\/secure.gravatar.com\/avatar\/1d8560b682c37192b620a7ead49b73b9955755933b7bec87ddb9b3980fe31175?s=96&d=mm&r=g\",\"contentUrl\":\"https:\/\/secure.gravatar.com\/avatar\/1d8560b682c37192b620a7ead49b73b9955755933b7bec87ddb9b3980fe31175?s=96&d=mm&r=g\",\"caption\":\"Patrycja Grz\u0119da\"}}]}<\/script>\n<!-- \/ Yoast SEO plugin. -->","yoast_head_json":{"title":"DAS JAHR DES ANDRZEJ SZWALBE: Andrzej Szwalbe als Schirmherr des Saals im Neuen Schloss in Ostromecko - ZPP Ostromecko","robots":{"index":"index","follow":"follow","max-snippet":"max-snippet:-1","max-image-preview":"max-image-preview:large","max-video-preview":"max-video-preview:-1"},"canonical":"https:\/\/palaceostromecko.pl\/de\/das-jahr-des-andrzej-szwalbe-andrzej-szwalbe-als-schirmherr-des-saals-im-neuen-schloss-in-ostromecko\/","og_locale":"de_DE","og_type":"article","og_title":"DAS JAHR DES ANDRZEJ SZWALBE: Andrzej Szwalbe als Schirmherr des Saals im Neuen Schloss in Ostromecko - ZPP Ostromecko","og_description":"16 grudnia 2023, godz. 17.00 \/ Pa\u0142ac Nowy w Ostromecku ROK ANDRZEJA SZWALBEGO: Andrzej Szwalbe patronem sali w Pa\u0142acu Nowym w Ostromecku Wst\u0119p wolny (bezp\u0142atne wej\u015bci\u00f3wki [&hellip;]","og_url":"https:\/\/palaceostromecko.pl\/de\/das-jahr-des-andrzej-szwalbe-andrzej-szwalbe-als-schirmherr-des-saals-im-neuen-schloss-in-ostromecko\/","og_site_name":"ZPP Ostromecko","article_published_time":"2023-12-12T23:47:00+00:00","article_modified_time":"2026-04-07T22:45:16+00:00","author":"Patrycja Grz\u0119da","twitter_card":"summary_large_image","twitter_misc":{"Written by":"Patrycja Grz\u0119da","Est. reading time":"1 minute"},"schema":{"@context":"https:\/\/schema.org","@graph":[{"@type":"Article","@id":"https:\/\/palaceostromecko.pl\/de\/das-jahr-des-andrzej-szwalbe-andrzej-szwalbe-als-schirmherr-des-saals-im-neuen-schloss-in-ostromecko\/#article","isPartOf":{"@id":"https:\/\/palaceostromecko.pl\/de\/das-jahr-des-andrzej-szwalbe-andrzej-szwalbe-als-schirmherr-des-saals-im-neuen-schloss-in-ostromecko\/"},"author":{"name":"Patrycja Grz\u0119da","@id":"https:\/\/palaceostromecko.pl\/de\/#\/schema\/person\/47a86bfd3506208a79ad1b62bed21092"},"headline":"DAS JAHR DES ANDRZEJ SZWALBE: Andrzej Szwalbe als Schirmherr des Saals im Neuen Schloss in Ostromecko","datePublished":"2023-12-12T23:47:00+00:00","dateModified":"2026-04-07T22:45:16+00:00","mainEntityOfPage":{"@id":"https:\/\/palaceostromecko.pl\/de\/das-jahr-des-andrzej-szwalbe-andrzej-szwalbe-als-schirmherr-des-saals-im-neuen-schloss-in-ostromecko\/"},"wordCount":131,"articleSection":["Was gibt es Neues?"],"inLanguage":"de-DE"},{"@type":"WebPage","@id":"https:\/\/palaceostromecko.pl\/de\/das-jahr-des-andrzej-szwalbe-andrzej-szwalbe-als-schirmherr-des-saals-im-neuen-schloss-in-ostromecko\/","url":"https:\/\/palaceostromecko.pl\/de\/das-jahr-des-andrzej-szwalbe-andrzej-szwalbe-als-schirmherr-des-saals-im-neuen-schloss-in-ostromecko\/","name":"DAS JAHR DES ANDRZEJ SZWALBE: Andrzej Szwalbe als Schirmherr des Saals im Neuen Schloss in Ostromecko - ZPP Ostromecko","isPartOf":{"@id":"https:\/\/palaceostromecko.pl\/de\/#website"},"datePublished":"2023-12-12T23:47:00+00:00","dateModified":"2026-04-07T22:45:16+00:00","author":{"@id":"https:\/\/palaceostromecko.pl\/de\/#\/schema\/person\/47a86bfd3506208a79ad1b62bed21092"},"breadcrumb":{"@id":"https:\/\/palaceostromecko.pl\/de\/das-jahr-des-andrzej-szwalbe-andrzej-szwalbe-als-schirmherr-des-saals-im-neuen-schloss-in-ostromecko\/#breadcrumb"},"inLanguage":"de-DE","potentialAction":[{"@type":"ReadAction","target":["https:\/\/palaceostromecko.pl\/de\/das-jahr-des-andrzej-szwalbe-andrzej-szwalbe-als-schirmherr-des-saals-im-neuen-schloss-in-ostromecko\/"]}]},{"@type":"BreadcrumbList","@id":"https:\/\/palaceostromecko.pl\/de\/das-jahr-des-andrzej-szwalbe-andrzej-szwalbe-als-schirmherr-des-saals-im-neuen-schloss-in-ostromecko\/#breadcrumb","itemListElement":[{"@type":"ListItem","position":1,"name":"Strona g\u0142\u00f3wna","item":"https:\/\/palaceostromecko.pl\/de\/"},{"@type":"ListItem","position":2,"name":"DAS JAHR DES ANDRZEJ SZWALBE: Andrzej Szwalbe als Schirmherr des Saals im Neuen Schloss in Ostromecko"}]},{"@type":"WebSite","@id":"https:\/\/palaceostromecko.pl\/de\/#website","url":"https:\/\/palaceostromecko.pl\/de\/","name":"ZPP Ostromecko","description":"","potentialAction":[{"@type":"SearchAction","target":{"@type":"EntryPoint","urlTemplate":"https:\/\/palaceostromecko.pl\/de\/?s={search_term_string}"},"query-input":{"@type":"PropertyValueSpecification","valueRequired":true,"valueName":"search_term_string"}}],"inLanguage":"de-DE"},{"@type":"Person","@id":"https:\/\/palaceostromecko.pl\/de\/#\/schema\/person\/47a86bfd3506208a79ad1b62bed21092","name":"Patrycja Grz\u0119da","image":{"@type":"ImageObject","inLanguage":"de-DE","@id":"https:\/\/palaceostromecko.pl\/de\/#\/schema\/person\/image\/","url":"https:\/\/secure.gravatar.com\/avatar\/1d8560b682c37192b620a7ead49b73b9955755933b7bec87ddb9b3980fe31175?s=96&d=mm&r=g","contentUrl":"https:\/\/secure.gravatar.com\/avatar\/1d8560b682c37192b620a7ead49b73b9955755933b7bec87ddb9b3980fe31175?s=96&d=mm&r=g","caption":"Patrycja Grz\u0119da"}}]}},"_links":{"self":[{"href":"https:\/\/palaceostromecko.pl\/de\/wp-json\/wp\/v2\/posts\/15424","targetHints":{"allow":["GET"]}}],"collection":[{"href":"https:\/\/palaceostromecko.pl\/de\/wp-json\/wp\/v2\/posts"}],"about":[{"href":"https:\/\/palaceostromecko.pl\/de\/wp-json\/wp\/v2\/types\/post"}],"author":[{"embeddable":true,"href":"https:\/\/palaceostromecko.pl\/de\/wp-json\/wp\/v2\/users\/6"}],"replies":[{"embeddable":true,"href":"https:\/\/palaceostromecko.pl\/de\/wp-json\/wp\/v2\/comments?post=15424"}],"version-history":[{"count":1,"href":"https:\/\/palaceostromecko.pl\/de\/wp-json\/wp\/v2\/posts\/15424\/revisions"}],"predecessor-version":[{"id":18264,"href":"https:\/\/palaceostromecko.pl\/de\/wp-json\/wp\/v2\/posts\/15424\/revisions\/18264"}],"wp:attachment":[{"href":"https:\/\/palaceostromecko.pl\/de\/wp-json\/wp\/v2\/media?parent=15424"}],"wp:term":[{"taxonomy":"category","embeddable":true,"href":"https:\/\/palaceostromecko.pl\/de\/wp-json\/wp\/v2\/categories?post=15424"},{"taxonomy":"post_tag","embeddable":true,"href":"https:\/\/palaceostromecko.pl\/de\/wp-json\/wp\/v2\/tags?post=15424"}],"curies":[{"name":"wp","href":"https:\/\/api.w.org\/{rel}","templated":true}]}}