{"id":15422,"date":"2023-12-18T23:43:00","date_gmt":"2023-12-18T23:43:00","guid":{"rendered":"https:\/\/palaceostromecko.pl\/harfenmusikkonzert-in-ostromecko\/"},"modified":"2023-12-18T23:43:00","modified_gmt":"2023-12-18T23:43:00","slug":"harfenmusikkonzert-in-ostromecko","status":"publish","type":"post","link":"https:\/\/palaceostromecko.pl\/de\/harfenmusikkonzert-in-ostromecko\/","title":{"rendered":"Harfenmusikkonzert in Ostromecko"},"content":{"rendered":"\n<p><strong>20. Dezember 2023. 18.00  <br>Das neue Schloss in Ostromecko<br>Eintritt frei<\/strong><\/p>\n\n\n\n<p>In Ostromecko hat es noch nie ein Harfenkonzert gegeben!<br>Die Pal\u00e4ste in Ostromecko und der Komplex der Staatlichen Musikschule W\u0142adys\u0142aw Bartoszewski. Artur Rubinstein l\u00e4dt zu einem Weihnachtskonzert mit Sch\u00fclern der Harfenklasse von Maria Lewandowska ein. Es werden sowohl die J\u00fcngsten als auch die \u00c4lteren auftreten, und das Programm wird neben Weihnachtsliedern auch Werke von Komponisten umfassen, die weit von unserer Zeit entfernt sind, aber auch zeitgen\u00f6ssische Werke.<\/p>\n\n","protected":false},"excerpt":{"rendered":"<p>20. Dezember 2023. 18.00 Das neue Schloss in OstromeckoEintritt frei In Ostromecko hat es noch nie ein Harfenkonzert gegeben!Die Pal\u00e4ste in Ostromecko und der Komplex der [&hellip;]<\/p>\n","protected":false},"author":6,"featured_media":15401,"comment_status":"closed","ping_status":"closed","sticky":false,"template":"","format":"standard","meta":{"footnotes":""},"categories":[30],"tags":[],"class_list":["post-15422","post","type-post","status-publish","format-standard","has-post-thumbnail","hentry","category-neuigkeiten"],"yoast_head":"<!-- This site is optimized with the Yoast SEO plugin v27.1.1 - https:\/\/yoast.com\/product\/yoast-seo-wordpress\/ -->\n<title>Harfenmusikkonzert in Ostromecko - ZPP Ostromecko<\/title>\n<meta name=\"robots\" content=\"index, follow, max-snippet:-1, max-image-preview:large, max-video-preview:-1\" \/>\n<link rel=\"canonical\" href=\"https:\/\/palaceostromecko.pl\/de\/harfenmusikkonzert-in-ostromecko\/\" \/>\n<meta property=\"og:locale\" content=\"de_DE\" \/>\n<meta property=\"og:type\" content=\"article\" \/>\n<meta property=\"og:title\" content=\"Harfenmusikkonzert in Ostromecko - ZPP Ostromecko\" \/>\n<meta property=\"og:description\" content=\"20. Dezember 2023. 18.00 Das neue Schloss in OstromeckoEintritt frei In Ostromecko hat es noch nie ein Harfenkonzert gegeben!Die Pal\u00e4ste in Ostromecko und der Komplex der [&hellip;]\" \/>\n<meta property=\"og:url\" content=\"https:\/\/palaceostromecko.pl\/de\/harfenmusikkonzert-in-ostromecko\/\" \/>\n<meta property=\"og:site_name\" content=\"ZPP Ostromecko\" \/>\n<meta property=\"article:published_time\" content=\"2023-12-18T23:43:00+00:00\" \/>\n<meta property=\"og:image\" content=\"https:\/\/palaceostromecko.pl\/wp-content\/uploads\/2023\/12\/0001-11308158815061034481-1.png\" \/>\n\t<meta property=\"og:image:width\" content=\"1200\" \/>\n\t<meta property=\"og:image:height\" content=\"628\" \/>\n\t<meta property=\"og:image:type\" content=\"image\/png\" \/>\n<meta name=\"author\" content=\"Patrycja Grz\u0119da\" \/>\n<meta name=\"twitter:card\" content=\"summary_large_image\" \/>\n<meta name=\"twitter:label1\" content=\"Written by\" \/>\n\t<meta name=\"twitter:data1\" content=\"Patrycja Grz\u0119da\" \/>\n<script type=\"application\/ld+json\" class=\"yoast-schema-graph\">{\"@context\":\"https:\/\/schema.org\",\"@graph\":[{\"@type\":\"Article\",\"@id\":\"https:\/\/palaceostromecko.pl\/de\/harfenmusikkonzert-in-ostromecko\/#article\",\"isPartOf\":{\"@id\":\"https:\/\/palaceostromecko.pl\/de\/harfenmusikkonzert-in-ostromecko\/\"},\"author\":{\"name\":\"Patrycja Grz\u0119da\",\"@id\":\"https:\/\/palaceostromecko.pl\/de\/#\/schema\/person\/47a86bfd3506208a79ad1b62bed21092\"},\"headline\":\"Harfenmusikkonzert in Ostromecko\",\"datePublished\":\"2023-12-18T23:43:00+00:00\",\"mainEntityOfPage\":{\"@id\":\"https:\/\/palaceostromecko.pl\/de\/harfenmusikkonzert-in-ostromecko\/\"},\"wordCount\":84,\"image\":{\"@id\":\"https:\/\/palaceostromecko.pl\/de\/harfenmusikkonzert-in-ostromecko\/#primaryimage\"},\"thumbnailUrl\":\"https:\/\/palaceostromecko.pl\/wp-content\/uploads\/2023\/12\/0001-11308158815061034481-1.png\",\"articleSection\":[\"Was gibt es Neues?\"],\"inLanguage\":\"de-DE\"},{\"@type\":\"WebPage\",\"@id\":\"https:\/\/palaceostromecko.pl\/de\/harfenmusikkonzert-in-ostromecko\/\",\"url\":\"https:\/\/palaceostromecko.pl\/de\/harfenmusikkonzert-in-ostromecko\/\",\"name\":\"Harfenmusikkonzert in Ostromecko - ZPP Ostromecko\",\"isPartOf\":{\"@id\":\"https:\/\/palaceostromecko.pl\/de\/#website\"},\"primaryImageOfPage\":{\"@id\":\"https:\/\/palaceostromecko.pl\/de\/harfenmusikkonzert-in-ostromecko\/#primaryimage\"},\"image\":{\"@id\":\"https:\/\/palaceostromecko.pl\/de\/harfenmusikkonzert-in-ostromecko\/#primaryimage\"},\"thumbnailUrl\":\"https:\/\/palaceostromecko.pl\/wp-content\/uploads\/2023\/12\/0001-11308158815061034481-1.png\",\"datePublished\":\"2023-12-18T23:43:00+00:00\",\"author\":{\"@id\":\"https:\/\/palaceostromecko.pl\/de\/#\/schema\/person\/47a86bfd3506208a79ad1b62bed21092\"},\"breadcrumb\":{\"@id\":\"https:\/\/palaceostromecko.pl\/de\/harfenmusikkonzert-in-ostromecko\/#breadcrumb\"},\"inLanguage\":\"de-DE\",\"potentialAction\":[{\"@type\":\"ReadAction\",\"target\":[\"https:\/\/palaceostromecko.pl\/de\/harfenmusikkonzert-in-ostromecko\/\"]}]},{\"@type\":\"ImageObject\",\"inLanguage\":\"de-DE\",\"@id\":\"https:\/\/palaceostromecko.pl\/de\/harfenmusikkonzert-in-ostromecko\/#primaryimage\",\"url\":\"https:\/\/palaceostromecko.pl\/wp-content\/uploads\/2023\/12\/0001-11308158815061034481-1.png\",\"contentUrl\":\"https:\/\/palaceostromecko.pl\/wp-content\/uploads\/2023\/12\/0001-11308158815061034481-1.png\",\"width\":1200,\"height\":628,\"caption\":\"Plakat koncertu muzyki haftowej\"},{\"@type\":\"BreadcrumbList\",\"@id\":\"https:\/\/palaceostromecko.pl\/de\/harfenmusikkonzert-in-ostromecko\/#breadcrumb\",\"itemListElement\":[{\"@type\":\"ListItem\",\"position\":1,\"name\":\"Strona g\u0142\u00f3wna\",\"item\":\"https:\/\/palaceostromecko.pl\/de\/\"},{\"@type\":\"ListItem\",\"position\":2,\"name\":\"Harfenmusikkonzert in Ostromecko\"}]},{\"@type\":\"WebSite\",\"@id\":\"https:\/\/palaceostromecko.pl\/de\/#website\",\"url\":\"https:\/\/palaceostromecko.pl\/de\/\",\"name\":\"ZPP Ostromecko\",\"description\":\"\",\"potentialAction\":[{\"@type\":\"SearchAction\",\"target\":{\"@type\":\"EntryPoint\",\"urlTemplate\":\"https:\/\/palaceostromecko.pl\/de\/?s={search_term_string}\"},\"query-input\":{\"@type\":\"PropertyValueSpecification\",\"valueRequired\":true,\"valueName\":\"search_term_string\"}}],\"inLanguage\":\"de-DE\"},{\"@type\":\"Person\",\"@id\":\"https:\/\/palaceostromecko.pl\/de\/#\/schema\/person\/47a86bfd3506208a79ad1b62bed21092\",\"name\":\"Patrycja Grz\u0119da\",\"image\":{\"@type\":\"ImageObject\",\"inLanguage\":\"de-DE\",\"@id\":\"https:\/\/palaceostromecko.pl\/de\/#\/schema\/person\/image\/\",\"url\":\"https:\/\/secure.gravatar.com\/avatar\/1d8560b682c37192b620a7ead49b73b9955755933b7bec87ddb9b3980fe31175?s=96&d=mm&r=g\",\"contentUrl\":\"https:\/\/secure.gravatar.com\/avatar\/1d8560b682c37192b620a7ead49b73b9955755933b7bec87ddb9b3980fe31175?s=96&d=mm&r=g\",\"caption\":\"Patrycja Grz\u0119da\"}}]}<\/script>\n<!-- \/ Yoast SEO plugin. -->","yoast_head_json":{"title":"Harfenmusikkonzert in Ostromecko - ZPP Ostromecko","robots":{"index":"index","follow":"follow","max-snippet":"max-snippet:-1","max-image-preview":"max-image-preview:large","max-video-preview":"max-video-preview:-1"},"canonical":"https:\/\/palaceostromecko.pl\/de\/harfenmusikkonzert-in-ostromecko\/","og_locale":"de_DE","og_type":"article","og_title":"Harfenmusikkonzert in Ostromecko - ZPP Ostromecko","og_description":"20. Dezember 2023. 18.00 Das neue Schloss in OstromeckoEintritt frei In Ostromecko hat es noch nie ein Harfenkonzert gegeben!Die Pal\u00e4ste in Ostromecko und der Komplex der [&hellip;]","og_url":"https:\/\/palaceostromecko.pl\/de\/harfenmusikkonzert-in-ostromecko\/","og_site_name":"ZPP Ostromecko","article_published_time":"2023-12-18T23:43:00+00:00","og_image":[{"width":1200,"height":628,"url":"https:\/\/palaceostromecko.pl\/wp-content\/uploads\/2023\/12\/0001-11308158815061034481-1.png","type":"image\/png"}],"author":"Patrycja Grz\u0119da","twitter_card":"summary_large_image","twitter_misc":{"Written by":"Patrycja Grz\u0119da"},"schema":{"@context":"https:\/\/schema.org","@graph":[{"@type":"Article","@id":"https:\/\/palaceostromecko.pl\/de\/harfenmusikkonzert-in-ostromecko\/#article","isPartOf":{"@id":"https:\/\/palaceostromecko.pl\/de\/harfenmusikkonzert-in-ostromecko\/"},"author":{"name":"Patrycja Grz\u0119da","@id":"https:\/\/palaceostromecko.pl\/de\/#\/schema\/person\/47a86bfd3506208a79ad1b62bed21092"},"headline":"Harfenmusikkonzert in Ostromecko","datePublished":"2023-12-18T23:43:00+00:00","mainEntityOfPage":{"@id":"https:\/\/palaceostromecko.pl\/de\/harfenmusikkonzert-in-ostromecko\/"},"wordCount":84,"image":{"@id":"https:\/\/palaceostromecko.pl\/de\/harfenmusikkonzert-in-ostromecko\/#primaryimage"},"thumbnailUrl":"https:\/\/palaceostromecko.pl\/wp-content\/uploads\/2023\/12\/0001-11308158815061034481-1.png","articleSection":["Was gibt es Neues?"],"inLanguage":"de-DE"},{"@type":"WebPage","@id":"https:\/\/palaceostromecko.pl\/de\/harfenmusikkonzert-in-ostromecko\/","url":"https:\/\/palaceostromecko.pl\/de\/harfenmusikkonzert-in-ostromecko\/","name":"Harfenmusikkonzert in Ostromecko - ZPP Ostromecko","isPartOf":{"@id":"https:\/\/palaceostromecko.pl\/de\/#website"},"primaryImageOfPage":{"@id":"https:\/\/palaceostromecko.pl\/de\/harfenmusikkonzert-in-ostromecko\/#primaryimage"},"image":{"@id":"https:\/\/palaceostromecko.pl\/de\/harfenmusikkonzert-in-ostromecko\/#primaryimage"},"thumbnailUrl":"https:\/\/palaceostromecko.pl\/wp-content\/uploads\/2023\/12\/0001-11308158815061034481-1.png","datePublished":"2023-12-18T23:43:00+00:00","author":{"@id":"https:\/\/palaceostromecko.pl\/de\/#\/schema\/person\/47a86bfd3506208a79ad1b62bed21092"},"breadcrumb":{"@id":"https:\/\/palaceostromecko.pl\/de\/harfenmusikkonzert-in-ostromecko\/#breadcrumb"},"inLanguage":"de-DE","potentialAction":[{"@type":"ReadAction","target":["https:\/\/palaceostromecko.pl\/de\/harfenmusikkonzert-in-ostromecko\/"]}]},{"@type":"ImageObject","inLanguage":"de-DE","@id":"https:\/\/palaceostromecko.pl\/de\/harfenmusikkonzert-in-ostromecko\/#primaryimage","url":"https:\/\/palaceostromecko.pl\/wp-content\/uploads\/2023\/12\/0001-11308158815061034481-1.png","contentUrl":"https:\/\/palaceostromecko.pl\/wp-content\/uploads\/2023\/12\/0001-11308158815061034481-1.png","width":1200,"height":628,"caption":"Plakat koncertu muzyki haftowej"},{"@type":"BreadcrumbList","@id":"https:\/\/palaceostromecko.pl\/de\/harfenmusikkonzert-in-ostromecko\/#breadcrumb","itemListElement":[{"@type":"ListItem","position":1,"name":"Strona g\u0142\u00f3wna","item":"https:\/\/palaceostromecko.pl\/de\/"},{"@type":"ListItem","position":2,"name":"Harfenmusikkonzert in Ostromecko"}]},{"@type":"WebSite","@id":"https:\/\/palaceostromecko.pl\/de\/#website","url":"https:\/\/palaceostromecko.pl\/de\/","name":"ZPP Ostromecko","description":"","potentialAction":[{"@type":"SearchAction","target":{"@type":"EntryPoint","urlTemplate":"https:\/\/palaceostromecko.pl\/de\/?s={search_term_string}"},"query-input":{"@type":"PropertyValueSpecification","valueRequired":true,"valueName":"search_term_string"}}],"inLanguage":"de-DE"},{"@type":"Person","@id":"https:\/\/palaceostromecko.pl\/de\/#\/schema\/person\/47a86bfd3506208a79ad1b62bed21092","name":"Patrycja Grz\u0119da","image":{"@type":"ImageObject","inLanguage":"de-DE","@id":"https:\/\/palaceostromecko.pl\/de\/#\/schema\/person\/image\/","url":"https:\/\/secure.gravatar.com\/avatar\/1d8560b682c37192b620a7ead49b73b9955755933b7bec87ddb9b3980fe31175?s=96&d=mm&r=g","contentUrl":"https:\/\/secure.gravatar.com\/avatar\/1d8560b682c37192b620a7ead49b73b9955755933b7bec87ddb9b3980fe31175?s=96&d=mm&r=g","caption":"Patrycja Grz\u0119da"}}]}},"_links":{"self":[{"href":"https:\/\/palaceostromecko.pl\/de\/wp-json\/wp\/v2\/posts\/15422","targetHints":{"allow":["GET"]}}],"collection":[{"href":"https:\/\/palaceostromecko.pl\/de\/wp-json\/wp\/v2\/posts"}],"about":[{"href":"https:\/\/palaceostromecko.pl\/de\/wp-json\/wp\/v2\/types\/post"}],"author":[{"embeddable":true,"href":"https:\/\/palaceostromecko.pl\/de\/wp-json\/wp\/v2\/users\/6"}],"replies":[{"embeddable":true,"href":"https:\/\/palaceostromecko.pl\/de\/wp-json\/wp\/v2\/comments?post=15422"}],"version-history":[{"count":0,"href":"https:\/\/palaceostromecko.pl\/de\/wp-json\/wp\/v2\/posts\/15422\/revisions"}],"wp:featuredmedia":[{"embeddable":true,"href":"https:\/\/palaceostromecko.pl\/de\/wp-json\/wp\/v2\/media\/15401"}],"wp:attachment":[{"href":"https:\/\/palaceostromecko.pl\/de\/wp-json\/wp\/v2\/media?parent=15422"}],"wp:term":[{"taxonomy":"category","embeddable":true,"href":"https:\/\/palaceostromecko.pl\/de\/wp-json\/wp\/v2\/categories?post=15422"},{"taxonomy":"post_tag","embeddable":true,"href":"https:\/\/palaceostromecko.pl\/de\/wp-json\/wp\/v2\/tags?post=15422"}],"curies":[{"name":"wp","href":"https:\/\/api.w.org\/{rel}","templated":true}]}}