{"id":15200,"date":"2023-03-15T10:08:47","date_gmt":"2023-03-15T10:08:47","guid":{"rendered":"https:\/\/po.marcindziadek.pl\/klavierkonzert-von-adam-gozdziewski\/"},"modified":"2023-12-04T12:12:52","modified_gmt":"2023-12-04T12:12:52","slug":"klavierkonzert-von-adam-gozdziewski","status":"publish","type":"post","link":"https:\/\/palaceostromecko.pl\/de\/klavierkonzert-von-adam-gozdziewski\/","title":{"rendered":"Klavierkonzert von Adam Go\u017adziewski"},"content":{"rendered":"\n<p class=\"has-text-align-left\"><strong>26 M\u00c4RZ 2023, 16:00 Uhr<br\/>SCHLOSS- UND PARKANLAGE IN OSTROMECKO (NEUES SCHLOSS)<br\/>EINTRITT FREI &#8211; RESERVIERUNGEN: recepcja@palaceostromecko.pl<\/strong><\/p>\n\n<p>Adam Go\u017adziewski machte seine ersten Schritte in der Welt des Klaviers unter der Leitung von Prof. Anna Grzegorkiewicz-Ciesielska. Er schloss sein Studium an der Fryderyk-Chopin-Universit\u00e4t f\u00fcr Musik in Warschau mit Auszeichnung ab, wo er unter der Leitung von Prof. Joanna \u0141awrynowicz &#8211; Just und in der Kammermusikklasse von Prof. Krystyna Makowska &#8211; \u0141awrynowicz. Zurzeit verfeinert er seine F\u00e4higkeiten unter der Leitung von Prof. Paolo Giacometti im Rahmen seines Postgraduiertenstudiums an der Robert Schumann Hochschule in D\u00fcsseldorf. Er ist Preistr\u00e4ger internationaler Klavierwettbewerbe in Estland (Narva, Grand Prix, EMCY-Preis), Mazedonien (Ohrid, Grand Prix und Goldmedaille) sowie in Polen, Russland, Slowenien, der Ukraine und Italien. Im Jahr 2017 wurde er mit dem 3. Preis beim Artur Rubinstein in Memoriam International Piano Competition in Bydgoszcz, Polen, sowie mit dem Titel des Preistr\u00e4gers der 51st Young Stage ausgezeichnet. Polnisches Klavierfestival in Slupsk. Adam Go\u017adziewski gibt zahlreiche Konzerte in Europa, Nord- und S\u00fcdamerika und Asien. Als Solist und Kammermusiker trat er auf den philharmonischen B\u00fchnen von m. in. Au\u00dferdem gab er zahlreiche Konzerte in D\u00fcsseldorf, Genf, Gifu, Hammamatsu, Mailand, Mexiko-Stadt, Moskau, New York, Oslo, Paris, Shanghai, Tallinn und Tirana. Adam Go\u017adziewski wurde wiederholt vom Minister f\u00fcr Kultur und Nationales Erbe f\u00fcr herausragende k\u00fcnstlerische Leistungen ausgezeichnet.<\/p>\n\n<p>W\u00e4hrend des Konzerts des K\u00fcnstlers im Ballsaal des Nowy-Palastes in Ostromecko werden unter anderem Werke von ihm zu h\u00f6ren sein. Frederic Chopin, Ignacy Feliks Dobrzy\u0144ski und Edward Wolff. Nach dem Konzert werden wir jedoch mit allen G\u00e4sten zum Alten Schloss gehen, wo eine \u00dcberraschung auf uns wartet, die von dem herausragenden K\u00fcnstler Micha\u0142 Kubiak aus Bydgoszcz vorbereitet wurde.<\/p>\n","protected":false},"excerpt":{"rendered":"<p>26 M\u00c4RZ 2023, 16:00 UhrSCHLOSS- UND PARKANLAGE IN OSTROMECKO (NEUES SCHLOSS)EINTRITT FREI &#8211; RESERVIERUNGEN: recepcja@palaceostromecko.pl Adam Go\u017adziewski machte seine ersten Schritte in der Welt des Klaviers [&hellip;]<\/p>\n","protected":false},"author":6,"featured_media":15012,"comment_status":"closed","ping_status":"closed","sticky":false,"template":"","format":"standard","meta":{"footnotes":""},"categories":[30],"tags":[],"class_list":["post-15200","post","type-post","status-publish","format-standard","has-post-thumbnail","hentry","category-neuigkeiten"],"yoast_head":"<!-- This site is optimized with the Yoast SEO plugin v27.1.1 - https:\/\/yoast.com\/product\/yoast-seo-wordpress\/ -->\n<title>Klavierkonzert von Adam Go\u017adziewski - ZPP Ostromecko<\/title>\n<meta name=\"robots\" content=\"index, follow, max-snippet:-1, max-image-preview:large, max-video-preview:-1\" \/>\n<link rel=\"canonical\" href=\"https:\/\/palaceostromecko.pl\/de\/klavierkonzert-von-adam-gozdziewski\/\" \/>\n<meta property=\"og:locale\" content=\"de_DE\" \/>\n<meta property=\"og:type\" content=\"article\" \/>\n<meta property=\"og:title\" content=\"Klavierkonzert von Adam Go\u017adziewski - ZPP Ostromecko\" \/>\n<meta property=\"og:description\" content=\"26 M\u00c4RZ 2023, 16:00 UhrSCHLOSS- UND PARKANLAGE IN OSTROMECKO (NEUES SCHLOSS)EINTRITT FREI &#8211; RESERVIERUNGEN: recepcja@palaceostromecko.pl Adam Go\u017adziewski machte seine ersten Schritte in der Welt des Klaviers [&hellip;]\" \/>\n<meta property=\"og:url\" content=\"https:\/\/palaceostromecko.pl\/de\/klavierkonzert-von-adam-gozdziewski\/\" \/>\n<meta property=\"og:site_name\" content=\"ZPP Ostromecko\" \/>\n<meta property=\"article:published_time\" content=\"2023-03-15T10:08:47+00:00\" \/>\n<meta property=\"article:modified_time\" content=\"2023-12-04T12:12:52+00:00\" \/>\n<meta property=\"og:image\" content=\"https:\/\/palaceostromecko.pl\/wp-content\/uploads\/2023\/03\/Adam-Gozdziewski-fot.-Zuzanna-Gasiorowska-scaled.jpg\" \/>\n\t<meta property=\"og:image:width\" content=\"2560\" \/>\n\t<meta property=\"og:image:height\" content=\"1829\" \/>\n\t<meta property=\"og:image:type\" content=\"image\/jpeg\" \/>\n<meta name=\"author\" content=\"Patrycja Grz\u0119da\" \/>\n<meta name=\"twitter:card\" content=\"summary_large_image\" \/>\n<meta name=\"twitter:label1\" content=\"Written by\" \/>\n\t<meta name=\"twitter:data1\" content=\"Patrycja Grz\u0119da\" \/>\n\t<meta name=\"twitter:label2\" content=\"Est. reading time\" \/>\n\t<meta name=\"twitter:data2\" content=\"1 minute\" \/>\n<script type=\"application\/ld+json\" class=\"yoast-schema-graph\">{\"@context\":\"https:\/\/schema.org\",\"@graph\":[{\"@type\":\"Article\",\"@id\":\"https:\/\/palaceostromecko.pl\/de\/klavierkonzert-von-adam-gozdziewski\/#article\",\"isPartOf\":{\"@id\":\"https:\/\/palaceostromecko.pl\/de\/klavierkonzert-von-adam-gozdziewski\/\"},\"author\":{\"name\":\"Patrycja Grz\u0119da\",\"@id\":\"https:\/\/palaceostromecko.pl\/de\/#\/schema\/person\/47a86bfd3506208a79ad1b62bed21092\"},\"headline\":\"Klavierkonzert von Adam Go\u017adziewski\",\"datePublished\":\"2023-03-15T10:08:47+00:00\",\"dateModified\":\"2023-12-04T12:12:52+00:00\",\"mainEntityOfPage\":{\"@id\":\"https:\/\/palaceostromecko.pl\/de\/klavierkonzert-von-adam-gozdziewski\/\"},\"wordCount\":298,\"image\":{\"@id\":\"https:\/\/palaceostromecko.pl\/de\/klavierkonzert-von-adam-gozdziewski\/#primaryimage\"},\"thumbnailUrl\":\"https:\/\/palaceostromecko.pl\/wp-content\/uploads\/2023\/03\/Adam-Gozdziewski-fot.-Zuzanna-Gasiorowska-scaled.jpg\",\"articleSection\":[\"Was gibt es Neues?\"],\"inLanguage\":\"de-DE\"},{\"@type\":\"WebPage\",\"@id\":\"https:\/\/palaceostromecko.pl\/de\/klavierkonzert-von-adam-gozdziewski\/\",\"url\":\"https:\/\/palaceostromecko.pl\/de\/klavierkonzert-von-adam-gozdziewski\/\",\"name\":\"Klavierkonzert von Adam Go\u017adziewski - ZPP Ostromecko\",\"isPartOf\":{\"@id\":\"https:\/\/palaceostromecko.pl\/de\/#website\"},\"primaryImageOfPage\":{\"@id\":\"https:\/\/palaceostromecko.pl\/de\/klavierkonzert-von-adam-gozdziewski\/#primaryimage\"},\"image\":{\"@id\":\"https:\/\/palaceostromecko.pl\/de\/klavierkonzert-von-adam-gozdziewski\/#primaryimage\"},\"thumbnailUrl\":\"https:\/\/palaceostromecko.pl\/wp-content\/uploads\/2023\/03\/Adam-Gozdziewski-fot.-Zuzanna-Gasiorowska-scaled.jpg\",\"datePublished\":\"2023-03-15T10:08:47+00:00\",\"dateModified\":\"2023-12-04T12:12:52+00:00\",\"author\":{\"@id\":\"https:\/\/palaceostromecko.pl\/de\/#\/schema\/person\/47a86bfd3506208a79ad1b62bed21092\"},\"breadcrumb\":{\"@id\":\"https:\/\/palaceostromecko.pl\/de\/klavierkonzert-von-adam-gozdziewski\/#breadcrumb\"},\"inLanguage\":\"de-DE\",\"potentialAction\":[{\"@type\":\"ReadAction\",\"target\":[\"https:\/\/palaceostromecko.pl\/de\/klavierkonzert-von-adam-gozdziewski\/\"]}]},{\"@type\":\"ImageObject\",\"inLanguage\":\"de-DE\",\"@id\":\"https:\/\/palaceostromecko.pl\/de\/klavierkonzert-von-adam-gozdziewski\/#primaryimage\",\"url\":\"https:\/\/palaceostromecko.pl\/wp-content\/uploads\/2023\/03\/Adam-Gozdziewski-fot.-Zuzanna-Gasiorowska-scaled.jpg\",\"contentUrl\":\"https:\/\/palaceostromecko.pl\/wp-content\/uploads\/2023\/03\/Adam-Gozdziewski-fot.-Zuzanna-Gasiorowska-scaled.jpg\",\"width\":2560,\"height\":1829},{\"@type\":\"BreadcrumbList\",\"@id\":\"https:\/\/palaceostromecko.pl\/de\/klavierkonzert-von-adam-gozdziewski\/#breadcrumb\",\"itemListElement\":[{\"@type\":\"ListItem\",\"position\":1,\"name\":\"Strona g\u0142\u00f3wna\",\"item\":\"https:\/\/palaceostromecko.pl\/de\/\"},{\"@type\":\"ListItem\",\"position\":2,\"name\":\"Klavierkonzert von Adam Go\u017adziewski\"}]},{\"@type\":\"WebSite\",\"@id\":\"https:\/\/palaceostromecko.pl\/de\/#website\",\"url\":\"https:\/\/palaceostromecko.pl\/de\/\",\"name\":\"ZPP Ostromecko\",\"description\":\"\",\"potentialAction\":[{\"@type\":\"SearchAction\",\"target\":{\"@type\":\"EntryPoint\",\"urlTemplate\":\"https:\/\/palaceostromecko.pl\/de\/?s={search_term_string}\"},\"query-input\":{\"@type\":\"PropertyValueSpecification\",\"valueRequired\":true,\"valueName\":\"search_term_string\"}}],\"inLanguage\":\"de-DE\"},{\"@type\":\"Person\",\"@id\":\"https:\/\/palaceostromecko.pl\/de\/#\/schema\/person\/47a86bfd3506208a79ad1b62bed21092\",\"name\":\"Patrycja Grz\u0119da\",\"image\":{\"@type\":\"ImageObject\",\"inLanguage\":\"de-DE\",\"@id\":\"https:\/\/palaceostromecko.pl\/de\/#\/schema\/person\/image\/\",\"url\":\"https:\/\/secure.gravatar.com\/avatar\/1d8560b682c37192b620a7ead49b73b9955755933b7bec87ddb9b3980fe31175?s=96&d=mm&r=g\",\"contentUrl\":\"https:\/\/secure.gravatar.com\/avatar\/1d8560b682c37192b620a7ead49b73b9955755933b7bec87ddb9b3980fe31175?s=96&d=mm&r=g\",\"caption\":\"Patrycja Grz\u0119da\"}}]}<\/script>\n<!-- \/ Yoast SEO plugin. -->","yoast_head_json":{"title":"Klavierkonzert von Adam Go\u017adziewski - ZPP Ostromecko","robots":{"index":"index","follow":"follow","max-snippet":"max-snippet:-1","max-image-preview":"max-image-preview:large","max-video-preview":"max-video-preview:-1"},"canonical":"https:\/\/palaceostromecko.pl\/de\/klavierkonzert-von-adam-gozdziewski\/","og_locale":"de_DE","og_type":"article","og_title":"Klavierkonzert von Adam Go\u017adziewski - ZPP Ostromecko","og_description":"26 M\u00c4RZ 2023, 16:00 UhrSCHLOSS- UND PARKANLAGE IN OSTROMECKO (NEUES SCHLOSS)EINTRITT FREI &#8211; RESERVIERUNGEN: recepcja@palaceostromecko.pl Adam Go\u017adziewski machte seine ersten Schritte in der Welt des Klaviers [&hellip;]","og_url":"https:\/\/palaceostromecko.pl\/de\/klavierkonzert-von-adam-gozdziewski\/","og_site_name":"ZPP Ostromecko","article_published_time":"2023-03-15T10:08:47+00:00","article_modified_time":"2023-12-04T12:12:52+00:00","og_image":[{"width":2560,"height":1829,"url":"https:\/\/palaceostromecko.pl\/wp-content\/uploads\/2023\/03\/Adam-Gozdziewski-fot.-Zuzanna-Gasiorowska-scaled.jpg","type":"image\/jpeg"}],"author":"Patrycja Grz\u0119da","twitter_card":"summary_large_image","twitter_misc":{"Written by":"Patrycja Grz\u0119da","Est. reading time":"1 minute"},"schema":{"@context":"https:\/\/schema.org","@graph":[{"@type":"Article","@id":"https:\/\/palaceostromecko.pl\/de\/klavierkonzert-von-adam-gozdziewski\/#article","isPartOf":{"@id":"https:\/\/palaceostromecko.pl\/de\/klavierkonzert-von-adam-gozdziewski\/"},"author":{"name":"Patrycja Grz\u0119da","@id":"https:\/\/palaceostromecko.pl\/de\/#\/schema\/person\/47a86bfd3506208a79ad1b62bed21092"},"headline":"Klavierkonzert von Adam Go\u017adziewski","datePublished":"2023-03-15T10:08:47+00:00","dateModified":"2023-12-04T12:12:52+00:00","mainEntityOfPage":{"@id":"https:\/\/palaceostromecko.pl\/de\/klavierkonzert-von-adam-gozdziewski\/"},"wordCount":298,"image":{"@id":"https:\/\/palaceostromecko.pl\/de\/klavierkonzert-von-adam-gozdziewski\/#primaryimage"},"thumbnailUrl":"https:\/\/palaceostromecko.pl\/wp-content\/uploads\/2023\/03\/Adam-Gozdziewski-fot.-Zuzanna-Gasiorowska-scaled.jpg","articleSection":["Was gibt es Neues?"],"inLanguage":"de-DE"},{"@type":"WebPage","@id":"https:\/\/palaceostromecko.pl\/de\/klavierkonzert-von-adam-gozdziewski\/","url":"https:\/\/palaceostromecko.pl\/de\/klavierkonzert-von-adam-gozdziewski\/","name":"Klavierkonzert von Adam Go\u017adziewski - ZPP Ostromecko","isPartOf":{"@id":"https:\/\/palaceostromecko.pl\/de\/#website"},"primaryImageOfPage":{"@id":"https:\/\/palaceostromecko.pl\/de\/klavierkonzert-von-adam-gozdziewski\/#primaryimage"},"image":{"@id":"https:\/\/palaceostromecko.pl\/de\/klavierkonzert-von-adam-gozdziewski\/#primaryimage"},"thumbnailUrl":"https:\/\/palaceostromecko.pl\/wp-content\/uploads\/2023\/03\/Adam-Gozdziewski-fot.-Zuzanna-Gasiorowska-scaled.jpg","datePublished":"2023-03-15T10:08:47+00:00","dateModified":"2023-12-04T12:12:52+00:00","author":{"@id":"https:\/\/palaceostromecko.pl\/de\/#\/schema\/person\/47a86bfd3506208a79ad1b62bed21092"},"breadcrumb":{"@id":"https:\/\/palaceostromecko.pl\/de\/klavierkonzert-von-adam-gozdziewski\/#breadcrumb"},"inLanguage":"de-DE","potentialAction":[{"@type":"ReadAction","target":["https:\/\/palaceostromecko.pl\/de\/klavierkonzert-von-adam-gozdziewski\/"]}]},{"@type":"ImageObject","inLanguage":"de-DE","@id":"https:\/\/palaceostromecko.pl\/de\/klavierkonzert-von-adam-gozdziewski\/#primaryimage","url":"https:\/\/palaceostromecko.pl\/wp-content\/uploads\/2023\/03\/Adam-Gozdziewski-fot.-Zuzanna-Gasiorowska-scaled.jpg","contentUrl":"https:\/\/palaceostromecko.pl\/wp-content\/uploads\/2023\/03\/Adam-Gozdziewski-fot.-Zuzanna-Gasiorowska-scaled.jpg","width":2560,"height":1829},{"@type":"BreadcrumbList","@id":"https:\/\/palaceostromecko.pl\/de\/klavierkonzert-von-adam-gozdziewski\/#breadcrumb","itemListElement":[{"@type":"ListItem","position":1,"name":"Strona g\u0142\u00f3wna","item":"https:\/\/palaceostromecko.pl\/de\/"},{"@type":"ListItem","position":2,"name":"Klavierkonzert von Adam Go\u017adziewski"}]},{"@type":"WebSite","@id":"https:\/\/palaceostromecko.pl\/de\/#website","url":"https:\/\/palaceostromecko.pl\/de\/","name":"ZPP Ostromecko","description":"","potentialAction":[{"@type":"SearchAction","target":{"@type":"EntryPoint","urlTemplate":"https:\/\/palaceostromecko.pl\/de\/?s={search_term_string}"},"query-input":{"@type":"PropertyValueSpecification","valueRequired":true,"valueName":"search_term_string"}}],"inLanguage":"de-DE"},{"@type":"Person","@id":"https:\/\/palaceostromecko.pl\/de\/#\/schema\/person\/47a86bfd3506208a79ad1b62bed21092","name":"Patrycja Grz\u0119da","image":{"@type":"ImageObject","inLanguage":"de-DE","@id":"https:\/\/palaceostromecko.pl\/de\/#\/schema\/person\/image\/","url":"https:\/\/secure.gravatar.com\/avatar\/1d8560b682c37192b620a7ead49b73b9955755933b7bec87ddb9b3980fe31175?s=96&d=mm&r=g","contentUrl":"https:\/\/secure.gravatar.com\/avatar\/1d8560b682c37192b620a7ead49b73b9955755933b7bec87ddb9b3980fe31175?s=96&d=mm&r=g","caption":"Patrycja Grz\u0119da"}}]}},"_links":{"self":[{"href":"https:\/\/palaceostromecko.pl\/de\/wp-json\/wp\/v2\/posts\/15200","targetHints":{"allow":["GET"]}}],"collection":[{"href":"https:\/\/palaceostromecko.pl\/de\/wp-json\/wp\/v2\/posts"}],"about":[{"href":"https:\/\/palaceostromecko.pl\/de\/wp-json\/wp\/v2\/types\/post"}],"author":[{"embeddable":true,"href":"https:\/\/palaceostromecko.pl\/de\/wp-json\/wp\/v2\/users\/6"}],"replies":[{"embeddable":true,"href":"https:\/\/palaceostromecko.pl\/de\/wp-json\/wp\/v2\/comments?post=15200"}],"version-history":[{"count":1,"href":"https:\/\/palaceostromecko.pl\/de\/wp-json\/wp\/v2\/posts\/15200\/revisions"}],"predecessor-version":[{"id":15204,"href":"https:\/\/palaceostromecko.pl\/de\/wp-json\/wp\/v2\/posts\/15200\/revisions\/15204"}],"wp:featuredmedia":[{"embeddable":true,"href":"https:\/\/palaceostromecko.pl\/de\/wp-json\/wp\/v2\/media\/15012"}],"wp:attachment":[{"href":"https:\/\/palaceostromecko.pl\/de\/wp-json\/wp\/v2\/media?parent=15200"}],"wp:term":[{"taxonomy":"category","embeddable":true,"href":"https:\/\/palaceostromecko.pl\/de\/wp-json\/wp\/v2\/categories?post=15200"},{"taxonomy":"post_tag","embeddable":true,"href":"https:\/\/palaceostromecko.pl\/de\/wp-json\/wp\/v2\/tags?post=15200"}],"curies":[{"name":"wp","href":"https:\/\/api.w.org\/{rel}","templated":true}]}}