{"id":15164,"date":"2023-05-19T06:47:33","date_gmt":"2023-05-19T06:47:33","guid":{"rendered":"https:\/\/po.marcindziadek.pl\/df2023-rhythmen-der-welt-in-ostromecko-drums-fusion-abschlusskonzert\/"},"modified":"2023-12-04T12:12:00","modified_gmt":"2023-12-04T12:12:00","slug":"df2023-rhythmen-der-welt-in-ostromecko-drums-fusion-abschlusskonzert","status":"publish","type":"post","link":"https:\/\/palaceostromecko.pl\/de\/df2023-rhythmen-der-welt-in-ostromecko-drums-fusion-abschlusskonzert\/","title":{"rendered":"DF2023: Rhythmen der Welt in Ostromecko &#8211; DRUMS FUSION Abschlusskonzert"},"content":{"rendered":"\n<p><strong>3. Juni 2023, ab Std. 12.00 \/ Schl\u00f6sser in Ostromecko<\/strong><\/p>\n\n<figure class=\"wp-block-image size-full\"><picture class=\"wp-picture-14167\" style=\"display: contents;\"><source type=\"image\/webp\" srcset=\"https:\/\/palaceostromecko.pl\/wp-content\/uploads\/2023\/05\/OSTROMECKO_1200x628-scaled-jpg.webp\"><img data-dominant-color=\"47413f\" data-has-transparency=\"false\" style=\"--dominant-color: #47413f;\" loading=\"lazy\" decoding=\"async\" width=\"1480\" height=\"775\" sizes=\"auto, (max-width: 2560px) 100vw, 2560px\" src=\"https:\/\/palaceostromecko.pl\/wp-content\/uploads\/2023\/05\/OSTROMECKO_1200x628-scaled.jpg\" alt=\"Rhythmen der Welt in den Pal&#xE4;sten von Ostromecko\" class=\"wp-image-14167 not-transparent\"\/><\/picture><\/figure>\n\n<p><strong>DF2023: Rhythmen der Welt in Ostromecko &#8211; DRUMS FUSION Abschlusskonzert<\/strong><\/p>\n\n<p>Der letzte Tag des Festivals ist den Kl\u00e4ngen S\u00fcdamerikas gewidmet, zu denen wir Sie in den Schloss- und Parkkomplex in Ostromecko einladen. Wir werden die Kl\u00e4nge von Flamenco, Fado und Tango h\u00f6ren. Der Star der Veranstaltung ist Maria Cangiano, eine in Buenos Aires lebende S\u00e4ngerin und Interpretin der Werke von Astor Piazzola.<\/p>\n\n<p>Ab 12 Uhr finden folgende Workshops statt: Rhythmus-Workshop unter der Leitung von Borja Soto, der den Rhythmus nicht nur als musikalisches Element behandelt, sondern auch als M\u00f6glichkeit, mit dem eigenen K\u00f6rper in Kontakt zu kommen und sich auf therapeutische Weise auszudr\u00fccken; Gesangs-Workshop unter der Leitung von Dorota Dzi\u0119cio\u0142, der die M\u00f6glichkeit bietet, sich dem Klang, der musikalischen Phrase und dem eigenen Ausdruck zu \u00f6ffnen; Tanz- und Bewegungs-Workshop (Maria Cangiano), bei dem man die M\u00f6glichkeiten erkunden kann, den K\u00f6rper als Perkussionsinstrument zu behandeln.<\/p>\n\n<p>Jacek Kwa\u015bniak wird au\u00dferdem einen Workshop zum Bau von recycelten Schlaginstrumenten leiten. Das Children&#8217;s Recycling Orchestra wird ebenfalls auftreten.<\/p>\n\n<p>Flamenco puro\/ flamenco hoy ist ein Projekt, das Musik und k\u00fcnstlerische Darbietung miteinander verbindet. Die Idee des Konzerts ist es, den Flamenco in seiner traditionellen Form zu pr\u00e4sentieren, die auf Cante (Gesang), Baile (Tanz) und Toque (Spiel) basiert. Der traditionelle Flamenco ist ein musikalischer Dialog zwischen K\u00fcnstlern, die mit dem Rhythmus spielen, der melodischen Linie des Gesangs folgen und mit einer gro\u00dfen Portion Emotionen aufgeladen sind, die f\u00fcr diese Ausdrucksform typisch sind. Mit dem st\u00e4ndigen Fluss einer ganzen Reihe von Emotionen verschwindet die Grenze zwischen B\u00fchne und Publikum, und das magische Verst\u00e4ndnis, das von den B\u00fchnenbrettern zum Publikum flie\u00dft, wird manchmal dem Geist des Flamenco, &#8220;el duende&#8221;, zugeschrieben.<\/p>\n\n<p>Das Cajon Orchestra &#8211; Cajon Ensemble, ein sechsk\u00f6pfiges Ensemble professioneller Perkussionisten, die CAJONS spielen, wird speziell vorbereitete Arrangements von Liedern in der Atmosph\u00e4re von Flamenco und Fado spielen. Das Ensemble besteht aus einer generations\u00fcbergreifenden Mischung von K\u00fcnstlern unter der k\u00fcnstlerischen Leitung von Prof. Piotr Biskupski.<\/p>\n\n<p>Der Star des Abends ist <strong>Maria Cangiano <\/strong>, eine in Argentinien geborene S\u00e4ngerin, Komponistin und P\u00e4dagogin, die sich mit lateinamerikanischer Popul\u00e4rmusik auseinandersetzt und mit ihrer Stimme experimentiert, wobei sie Elemente des Jazz, der Klassik und anderer Formen der Weltmusik einflie\u00dfen l\u00e4sst. Sie ist eine der ber\u00fchmtesten Interpretinnen des Werks von Astor Piazzola. Auf dem Programm steht <strong>Maga Falcoff<\/strong>, ein in Buenos Aires lebender Perkussionist, Instrumentalist und S\u00e4nger.<\/p>\n\n<p><strong>Eintritt frei<\/strong><\/p>\n\n<p><strong>Preis f\u00fcr einen Sitzplatz an einem Tisch w\u00e4hrend des Konzerts einschlie\u00dflich Verkostung: 50 PLN  <\/strong><br\/>(Einschreibung bis 1. Juni 2023, 17.00 Uhr)<\/p>\n\n<p><strong>12:00 &#8211; 16:00<\/strong> PICNIC f\u00fcr Familien (Musik- und Tanzworkshops mit u.a.: Jacek Kwa\u015bniak, Dorota Dzi\u0119cio\u0142, Maria Cangiano, kulinarisches Erbe auf der Basis lokaler Produkte)<\/p>\n\n<p><strong>16.00 &#8211; 17. <\/strong>00 FLAMENCO PURO (Konzert\/Auff\u00fchrung)<\/p>\n\n<p><strong>17.00 &#8211; 18. <\/strong>00 CAJON ORCHESTRA (Konzert)<\/p>\n\n<p><strong>18.00 &#8211; 19.30 <\/strong>MARIA CANGIANO (Konzert)<\/p>\n","protected":false},"excerpt":{"rendered":"<p>3. Juni 2023, ab Std. 12.00 \/ Schl\u00f6sser in Ostromecko DF2023: Rhythmen der Welt in Ostromecko &#8211; DRUMS FUSION Abschlusskonzert Der letzte Tag des Festivals ist [&hellip;]<\/p>\n","protected":false},"author":6,"featured_media":15013,"comment_status":"closed","ping_status":"closed","sticky":false,"template":"","format":"standard","meta":{"footnotes":""},"categories":[30],"tags":[],"class_list":["post-15164","post","type-post","status-publish","format-standard","has-post-thumbnail","hentry","category-neuigkeiten"],"yoast_head":"<!-- This site is optimized with the Yoast SEO plugin v27.1.1 - https:\/\/yoast.com\/product\/yoast-seo-wordpress\/ -->\n<title>DF2023: Rhythmen der Welt in Ostromecko - DRUMS FUSION Abschlusskonzert - ZPP Ostromecko<\/title>\n<meta name=\"robots\" content=\"index, follow, max-snippet:-1, max-image-preview:large, max-video-preview:-1\" \/>\n<link rel=\"canonical\" href=\"https:\/\/palaceostromecko.pl\/de\/df2023-rhythmen-der-welt-in-ostromecko-drums-fusion-abschlusskonzert\/\" \/>\n<meta property=\"og:locale\" content=\"de_DE\" \/>\n<meta property=\"og:type\" content=\"article\" \/>\n<meta property=\"og:title\" content=\"DF2023: Rhythmen der Welt in Ostromecko - DRUMS FUSION Abschlusskonzert - ZPP Ostromecko\" \/>\n<meta property=\"og:description\" content=\"3. Juni 2023, ab Std. 12.00 \/ Schl\u00f6sser in Ostromecko DF2023: Rhythmen der Welt in Ostromecko &#8211; DRUMS FUSION Abschlusskonzert Der letzte Tag des Festivals ist [&hellip;]\" \/>\n<meta property=\"og:url\" content=\"https:\/\/palaceostromecko.pl\/de\/df2023-rhythmen-der-welt-in-ostromecko-drums-fusion-abschlusskonzert\/\" \/>\n<meta property=\"og:site_name\" content=\"ZPP Ostromecko\" \/>\n<meta property=\"article:published_time\" content=\"2023-05-19T06:47:33+00:00\" \/>\n<meta property=\"article:modified_time\" content=\"2023-12-04T12:12:00+00:00\" \/>\n<meta property=\"og:image\" content=\"https:\/\/palaceostromecko.pl\/wp-content\/uploads\/2023\/05\/OSTROMECKO_1200x628-scaled.jpg\" \/>\n\t<meta property=\"og:image:width\" content=\"2560\" \/>\n\t<meta property=\"og:image:height\" content=\"1340\" \/>\n\t<meta property=\"og:image:type\" content=\"image\/jpeg\" \/>\n<meta name=\"author\" content=\"Patrycja Grz\u0119da\" \/>\n<meta name=\"twitter:card\" content=\"summary_large_image\" \/>\n<meta name=\"twitter:label1\" content=\"Written by\" \/>\n\t<meta name=\"twitter:data1\" content=\"Patrycja Grz\u0119da\" \/>\n\t<meta name=\"twitter:label2\" content=\"Est. reading time\" \/>\n\t<meta name=\"twitter:data2\" content=\"2 minutes\" \/>\n<script type=\"application\/ld+json\" class=\"yoast-schema-graph\">{\"@context\":\"https:\/\/schema.org\",\"@graph\":[{\"@type\":\"Article\",\"@id\":\"https:\/\/palaceostromecko.pl\/de\/df2023-rhythmen-der-welt-in-ostromecko-drums-fusion-abschlusskonzert\/#article\",\"isPartOf\":{\"@id\":\"https:\/\/palaceostromecko.pl\/de\/df2023-rhythmen-der-welt-in-ostromecko-drums-fusion-abschlusskonzert\/\"},\"author\":{\"name\":\"Patrycja Grz\u0119da\",\"@id\":\"https:\/\/palaceostromecko.pl\/de\/#\/schema\/person\/47a86bfd3506208a79ad1b62bed21092\"},\"headline\":\"DF2023: Rhythmen der Welt in Ostromecko &#8211; DRUMS FUSION Abschlusskonzert\",\"datePublished\":\"2023-05-19T06:47:33+00:00\",\"dateModified\":\"2023-12-04T12:12:00+00:00\",\"mainEntityOfPage\":{\"@id\":\"https:\/\/palaceostromecko.pl\/de\/df2023-rhythmen-der-welt-in-ostromecko-drums-fusion-abschlusskonzert\/\"},\"wordCount\":497,\"image\":{\"@id\":\"https:\/\/palaceostromecko.pl\/de\/df2023-rhythmen-der-welt-in-ostromecko-drums-fusion-abschlusskonzert\/#primaryimage\"},\"thumbnailUrl\":\"https:\/\/palaceostromecko.pl\/wp-content\/uploads\/2023\/05\/OSTROMECKO_1200x628-scaled.jpg\",\"articleSection\":[\"Was gibt es Neues?\"],\"inLanguage\":\"de-DE\"},{\"@type\":\"WebPage\",\"@id\":\"https:\/\/palaceostromecko.pl\/de\/df2023-rhythmen-der-welt-in-ostromecko-drums-fusion-abschlusskonzert\/\",\"url\":\"https:\/\/palaceostromecko.pl\/de\/df2023-rhythmen-der-welt-in-ostromecko-drums-fusion-abschlusskonzert\/\",\"name\":\"DF2023: Rhythmen der Welt in Ostromecko - DRUMS FUSION Abschlusskonzert - ZPP Ostromecko\",\"isPartOf\":{\"@id\":\"https:\/\/palaceostromecko.pl\/de\/#website\"},\"primaryImageOfPage\":{\"@id\":\"https:\/\/palaceostromecko.pl\/de\/df2023-rhythmen-der-welt-in-ostromecko-drums-fusion-abschlusskonzert\/#primaryimage\"},\"image\":{\"@id\":\"https:\/\/palaceostromecko.pl\/de\/df2023-rhythmen-der-welt-in-ostromecko-drums-fusion-abschlusskonzert\/#primaryimage\"},\"thumbnailUrl\":\"https:\/\/palaceostromecko.pl\/wp-content\/uploads\/2023\/05\/OSTROMECKO_1200x628-scaled.jpg\",\"datePublished\":\"2023-05-19T06:47:33+00:00\",\"dateModified\":\"2023-12-04T12:12:00+00:00\",\"author\":{\"@id\":\"https:\/\/palaceostromecko.pl\/de\/#\/schema\/person\/47a86bfd3506208a79ad1b62bed21092\"},\"breadcrumb\":{\"@id\":\"https:\/\/palaceostromecko.pl\/de\/df2023-rhythmen-der-welt-in-ostromecko-drums-fusion-abschlusskonzert\/#breadcrumb\"},\"inLanguage\":\"de-DE\",\"potentialAction\":[{\"@type\":\"ReadAction\",\"target\":[\"https:\/\/palaceostromecko.pl\/de\/df2023-rhythmen-der-welt-in-ostromecko-drums-fusion-abschlusskonzert\/\"]}]},{\"@type\":\"ImageObject\",\"inLanguage\":\"de-DE\",\"@id\":\"https:\/\/palaceostromecko.pl\/de\/df2023-rhythmen-der-welt-in-ostromecko-drums-fusion-abschlusskonzert\/#primaryimage\",\"url\":\"https:\/\/palaceostromecko.pl\/wp-content\/uploads\/2023\/05\/OSTROMECKO_1200x628-scaled.jpg\",\"contentUrl\":\"https:\/\/palaceostromecko.pl\/wp-content\/uploads\/2023\/05\/OSTROMECKO_1200x628-scaled.jpg\",\"width\":2560,\"height\":1340},{\"@type\":\"BreadcrumbList\",\"@id\":\"https:\/\/palaceostromecko.pl\/de\/df2023-rhythmen-der-welt-in-ostromecko-drums-fusion-abschlusskonzert\/#breadcrumb\",\"itemListElement\":[{\"@type\":\"ListItem\",\"position\":1,\"name\":\"Strona g\u0142\u00f3wna\",\"item\":\"https:\/\/palaceostromecko.pl\/de\/\"},{\"@type\":\"ListItem\",\"position\":2,\"name\":\"DF2023: Rhythmen der Welt in Ostromecko &#8211; DRUMS FUSION Abschlusskonzert\"}]},{\"@type\":\"WebSite\",\"@id\":\"https:\/\/palaceostromecko.pl\/de\/#website\",\"url\":\"https:\/\/palaceostromecko.pl\/de\/\",\"name\":\"ZPP Ostromecko\",\"description\":\"\",\"potentialAction\":[{\"@type\":\"SearchAction\",\"target\":{\"@type\":\"EntryPoint\",\"urlTemplate\":\"https:\/\/palaceostromecko.pl\/de\/?s={search_term_string}\"},\"query-input\":{\"@type\":\"PropertyValueSpecification\",\"valueRequired\":true,\"valueName\":\"search_term_string\"}}],\"inLanguage\":\"de-DE\"},{\"@type\":\"Person\",\"@id\":\"https:\/\/palaceostromecko.pl\/de\/#\/schema\/person\/47a86bfd3506208a79ad1b62bed21092\",\"name\":\"Patrycja Grz\u0119da\",\"image\":{\"@type\":\"ImageObject\",\"inLanguage\":\"de-DE\",\"@id\":\"https:\/\/palaceostromecko.pl\/de\/#\/schema\/person\/image\/\",\"url\":\"https:\/\/secure.gravatar.com\/avatar\/1d8560b682c37192b620a7ead49b73b9955755933b7bec87ddb9b3980fe31175?s=96&d=mm&r=g\",\"contentUrl\":\"https:\/\/secure.gravatar.com\/avatar\/1d8560b682c37192b620a7ead49b73b9955755933b7bec87ddb9b3980fe31175?s=96&d=mm&r=g\",\"caption\":\"Patrycja Grz\u0119da\"}}]}<\/script>\n<!-- \/ Yoast SEO plugin. -->","yoast_head_json":{"title":"DF2023: Rhythmen der Welt in Ostromecko - DRUMS FUSION Abschlusskonzert - ZPP Ostromecko","robots":{"index":"index","follow":"follow","max-snippet":"max-snippet:-1","max-image-preview":"max-image-preview:large","max-video-preview":"max-video-preview:-1"},"canonical":"https:\/\/palaceostromecko.pl\/de\/df2023-rhythmen-der-welt-in-ostromecko-drums-fusion-abschlusskonzert\/","og_locale":"de_DE","og_type":"article","og_title":"DF2023: Rhythmen der Welt in Ostromecko - DRUMS FUSION Abschlusskonzert - ZPP Ostromecko","og_description":"3. Juni 2023, ab Std. 12.00 \/ Schl\u00f6sser in Ostromecko DF2023: Rhythmen der Welt in Ostromecko &#8211; DRUMS FUSION Abschlusskonzert Der letzte Tag des Festivals ist [&hellip;]","og_url":"https:\/\/palaceostromecko.pl\/de\/df2023-rhythmen-der-welt-in-ostromecko-drums-fusion-abschlusskonzert\/","og_site_name":"ZPP Ostromecko","article_published_time":"2023-05-19T06:47:33+00:00","article_modified_time":"2023-12-04T12:12:00+00:00","og_image":[{"width":2560,"height":1340,"url":"https:\/\/palaceostromecko.pl\/wp-content\/uploads\/2023\/05\/OSTROMECKO_1200x628-scaled.jpg","type":"image\/jpeg"}],"author":"Patrycja Grz\u0119da","twitter_card":"summary_large_image","twitter_misc":{"Written by":"Patrycja Grz\u0119da","Est. reading time":"2 minutes"},"schema":{"@context":"https:\/\/schema.org","@graph":[{"@type":"Article","@id":"https:\/\/palaceostromecko.pl\/de\/df2023-rhythmen-der-welt-in-ostromecko-drums-fusion-abschlusskonzert\/#article","isPartOf":{"@id":"https:\/\/palaceostromecko.pl\/de\/df2023-rhythmen-der-welt-in-ostromecko-drums-fusion-abschlusskonzert\/"},"author":{"name":"Patrycja Grz\u0119da","@id":"https:\/\/palaceostromecko.pl\/de\/#\/schema\/person\/47a86bfd3506208a79ad1b62bed21092"},"headline":"DF2023: Rhythmen der Welt in Ostromecko &#8211; DRUMS FUSION Abschlusskonzert","datePublished":"2023-05-19T06:47:33+00:00","dateModified":"2023-12-04T12:12:00+00:00","mainEntityOfPage":{"@id":"https:\/\/palaceostromecko.pl\/de\/df2023-rhythmen-der-welt-in-ostromecko-drums-fusion-abschlusskonzert\/"},"wordCount":497,"image":{"@id":"https:\/\/palaceostromecko.pl\/de\/df2023-rhythmen-der-welt-in-ostromecko-drums-fusion-abschlusskonzert\/#primaryimage"},"thumbnailUrl":"https:\/\/palaceostromecko.pl\/wp-content\/uploads\/2023\/05\/OSTROMECKO_1200x628-scaled.jpg","articleSection":["Was gibt es Neues?"],"inLanguage":"de-DE"},{"@type":"WebPage","@id":"https:\/\/palaceostromecko.pl\/de\/df2023-rhythmen-der-welt-in-ostromecko-drums-fusion-abschlusskonzert\/","url":"https:\/\/palaceostromecko.pl\/de\/df2023-rhythmen-der-welt-in-ostromecko-drums-fusion-abschlusskonzert\/","name":"DF2023: Rhythmen der Welt in Ostromecko - DRUMS FUSION Abschlusskonzert - ZPP Ostromecko","isPartOf":{"@id":"https:\/\/palaceostromecko.pl\/de\/#website"},"primaryImageOfPage":{"@id":"https:\/\/palaceostromecko.pl\/de\/df2023-rhythmen-der-welt-in-ostromecko-drums-fusion-abschlusskonzert\/#primaryimage"},"image":{"@id":"https:\/\/palaceostromecko.pl\/de\/df2023-rhythmen-der-welt-in-ostromecko-drums-fusion-abschlusskonzert\/#primaryimage"},"thumbnailUrl":"https:\/\/palaceostromecko.pl\/wp-content\/uploads\/2023\/05\/OSTROMECKO_1200x628-scaled.jpg","datePublished":"2023-05-19T06:47:33+00:00","dateModified":"2023-12-04T12:12:00+00:00","author":{"@id":"https:\/\/palaceostromecko.pl\/de\/#\/schema\/person\/47a86bfd3506208a79ad1b62bed21092"},"breadcrumb":{"@id":"https:\/\/palaceostromecko.pl\/de\/df2023-rhythmen-der-welt-in-ostromecko-drums-fusion-abschlusskonzert\/#breadcrumb"},"inLanguage":"de-DE","potentialAction":[{"@type":"ReadAction","target":["https:\/\/palaceostromecko.pl\/de\/df2023-rhythmen-der-welt-in-ostromecko-drums-fusion-abschlusskonzert\/"]}]},{"@type":"ImageObject","inLanguage":"de-DE","@id":"https:\/\/palaceostromecko.pl\/de\/df2023-rhythmen-der-welt-in-ostromecko-drums-fusion-abschlusskonzert\/#primaryimage","url":"https:\/\/palaceostromecko.pl\/wp-content\/uploads\/2023\/05\/OSTROMECKO_1200x628-scaled.jpg","contentUrl":"https:\/\/palaceostromecko.pl\/wp-content\/uploads\/2023\/05\/OSTROMECKO_1200x628-scaled.jpg","width":2560,"height":1340},{"@type":"BreadcrumbList","@id":"https:\/\/palaceostromecko.pl\/de\/df2023-rhythmen-der-welt-in-ostromecko-drums-fusion-abschlusskonzert\/#breadcrumb","itemListElement":[{"@type":"ListItem","position":1,"name":"Strona g\u0142\u00f3wna","item":"https:\/\/palaceostromecko.pl\/de\/"},{"@type":"ListItem","position":2,"name":"DF2023: Rhythmen der Welt in Ostromecko &#8211; DRUMS FUSION Abschlusskonzert"}]},{"@type":"WebSite","@id":"https:\/\/palaceostromecko.pl\/de\/#website","url":"https:\/\/palaceostromecko.pl\/de\/","name":"ZPP Ostromecko","description":"","potentialAction":[{"@type":"SearchAction","target":{"@type":"EntryPoint","urlTemplate":"https:\/\/palaceostromecko.pl\/de\/?s={search_term_string}"},"query-input":{"@type":"PropertyValueSpecification","valueRequired":true,"valueName":"search_term_string"}}],"inLanguage":"de-DE"},{"@type":"Person","@id":"https:\/\/palaceostromecko.pl\/de\/#\/schema\/person\/47a86bfd3506208a79ad1b62bed21092","name":"Patrycja Grz\u0119da","image":{"@type":"ImageObject","inLanguage":"de-DE","@id":"https:\/\/palaceostromecko.pl\/de\/#\/schema\/person\/image\/","url":"https:\/\/secure.gravatar.com\/avatar\/1d8560b682c37192b620a7ead49b73b9955755933b7bec87ddb9b3980fe31175?s=96&d=mm&r=g","contentUrl":"https:\/\/secure.gravatar.com\/avatar\/1d8560b682c37192b620a7ead49b73b9955755933b7bec87ddb9b3980fe31175?s=96&d=mm&r=g","caption":"Patrycja Grz\u0119da"}}]}},"_links":{"self":[{"href":"https:\/\/palaceostromecko.pl\/de\/wp-json\/wp\/v2\/posts\/15164","targetHints":{"allow":["GET"]}}],"collection":[{"href":"https:\/\/palaceostromecko.pl\/de\/wp-json\/wp\/v2\/posts"}],"about":[{"href":"https:\/\/palaceostromecko.pl\/de\/wp-json\/wp\/v2\/types\/post"}],"author":[{"embeddable":true,"href":"https:\/\/palaceostromecko.pl\/de\/wp-json\/wp\/v2\/users\/6"}],"replies":[{"embeddable":true,"href":"https:\/\/palaceostromecko.pl\/de\/wp-json\/wp\/v2\/comments?post=15164"}],"version-history":[{"count":3,"href":"https:\/\/palaceostromecko.pl\/de\/wp-json\/wp\/v2\/posts\/15164\/revisions"}],"predecessor-version":[{"id":15185,"href":"https:\/\/palaceostromecko.pl\/de\/wp-json\/wp\/v2\/posts\/15164\/revisions\/15185"}],"wp:featuredmedia":[{"embeddable":true,"href":"https:\/\/palaceostromecko.pl\/de\/wp-json\/wp\/v2\/media\/15013"}],"wp:attachment":[{"href":"https:\/\/palaceostromecko.pl\/de\/wp-json\/wp\/v2\/media?parent=15164"}],"wp:term":[{"taxonomy":"category","embeddable":true,"href":"https:\/\/palaceostromecko.pl\/de\/wp-json\/wp\/v2\/categories?post=15164"},{"taxonomy":"post_tag","embeddable":true,"href":"https:\/\/palaceostromecko.pl\/de\/wp-json\/wp\/v2\/tags?post=15164"}],"curies":[{"name":"wp","href":"https:\/\/api.w.org\/{rel}","templated":true}]}}