{"id":15124,"date":"2023-07-27T12:05:12","date_gmt":"2023-07-27T12:05:12","guid":{"rendered":"https:\/\/po.marcindziadek.pl\/im-jahr-der-szwalbe-chopin-auf-jazz\/"},"modified":"2023-12-04T12:11:49","modified_gmt":"2023-12-04T12:11:49","slug":"im-jahr-der-szwalbe-chopin-auf-jazz","status":"publish","type":"post","link":"https:\/\/palaceostromecko.pl\/de\/im-jahr-der-szwalbe-chopin-auf-jazz\/","title":{"rendered":"Im Jahr der Szwalbe &#8211; Chopin auf Jazz"},"content":{"rendered":"\n<p><strong>30. Juli 2023, am. 16.00  <\/strong><\/p>\n\n<p><strong>Das neue Schloss in Ostromecko<\/strong><\/p>\n\n<p><strong>Eintritt frei<\/strong><\/p>\n\n<p><strong>Im Jahr der Szwalbe &#8211; Chopin auf Jazz<\/strong><\/p>\n\n<p>Wir m\u00f6chten Sie zu einem besonderen Konzert im Neuen Palast in Ostromecko einladen. Der Zeitpunkt k\u00f6nnte nicht besser sein, denn in der Heimat der Sammlung historischer Klaviere von Andrzej Szwalbe wird Bartosz Hada\u0142a, ein herausragender Pianist, der t\u00e4glich in Kanada lebt, Chopin spielen. In den letzten 30 Jahren haben viele Jazzmusiker, nicht nur aus Polen, in Chopins Kompositionen einen unersch\u00f6pflichen Reichtum an Themen gefunden, die sie zu eigenen Bearbeitungen der Werke eines der bekanntesten Komponisten inspiriert haben. Im Jahr 2010 begann Hada\u0142a sein eigenes Abenteuer mit Chopins Musik, der er seinen eigenen Stil verlieh. Inspiriert von Leszek Mo\u017cd\u017cers Album Impressions on Chopin, verwebt er amerikanische Jazz-Standards mit seinen eigenen Arrangements, was zu einem sehr koh\u00e4renten Klassik-Jazz-Hybrid f\u00fchrt. An der Seite des Pianisten spielen Piotr Olszewski an der Gitarre, Piotr Ku\u0142akowski am Bass und Jacek Pelc am Schlagzeug.<\/p>\n","protected":false},"excerpt":{"rendered":"<p>30. Juli 2023, am. 16.00 Das neue Schloss in Ostromecko Eintritt frei Im Jahr der Szwalbe &#8211; Chopin auf Jazz Wir m\u00f6chten Sie zu einem besonderen [&hellip;]<\/p>\n","protected":false},"author":6,"featured_media":15125,"comment_status":"closed","ping_status":"closed","sticky":false,"template":"","format":"standard","meta":{"footnotes":""},"categories":[30],"tags":[],"class_list":["post-15124","post","type-post","status-publish","format-standard","has-post-thumbnail","hentry","category-neuigkeiten"],"yoast_head":"<!-- This site is optimized with the Yoast SEO plugin v27.1.1 - https:\/\/yoast.com\/product\/yoast-seo-wordpress\/ -->\n<title>Im Jahr der Szwalbe - Chopin auf Jazz - ZPP Ostromecko<\/title>\n<meta name=\"robots\" content=\"index, follow, max-snippet:-1, max-image-preview:large, max-video-preview:-1\" \/>\n<link rel=\"canonical\" href=\"https:\/\/palaceostromecko.pl\/de\/im-jahr-der-szwalbe-chopin-auf-jazz\/\" \/>\n<meta property=\"og:locale\" content=\"de_DE\" \/>\n<meta property=\"og:type\" content=\"article\" \/>\n<meta property=\"og:title\" content=\"Im Jahr der Szwalbe - Chopin auf Jazz - ZPP Ostromecko\" \/>\n<meta property=\"og:description\" content=\"30. Juli 2023, am. 16.00 Das neue Schloss in Ostromecko Eintritt frei Im Jahr der Szwalbe &#8211; Chopin auf Jazz Wir m\u00f6chten Sie zu einem besonderen [&hellip;]\" \/>\n<meta property=\"og:url\" content=\"https:\/\/palaceostromecko.pl\/de\/im-jahr-der-szwalbe-chopin-auf-jazz\/\" \/>\n<meta property=\"og:site_name\" content=\"ZPP Ostromecko\" \/>\n<meta property=\"article:published_time\" content=\"2023-07-27T12:05:12+00:00\" \/>\n<meta property=\"article:modified_time\" content=\"2023-12-04T12:11:49+00:00\" \/>\n<meta property=\"og:image\" content=\"https:\/\/palaceostromecko.pl\/wp-content\/uploads\/2023\/07\/OIP-1.jpg\" \/>\n\t<meta property=\"og:image:width\" content=\"221\" \/>\n\t<meta property=\"og:image:height\" content=\"180\" \/>\n\t<meta property=\"og:image:type\" content=\"image\/jpeg\" \/>\n<meta name=\"author\" content=\"Patrycja Grz\u0119da\" \/>\n<meta name=\"twitter:card\" content=\"summary_large_image\" \/>\n<meta name=\"twitter:label1\" content=\"Written by\" \/>\n\t<meta name=\"twitter:data1\" content=\"Patrycja Grz\u0119da\" \/>\n\t<meta name=\"twitter:label2\" content=\"Est. reading time\" \/>\n\t<meta name=\"twitter:data2\" content=\"1 minute\" \/>\n<script type=\"application\/ld+json\" class=\"yoast-schema-graph\">{\"@context\":\"https:\/\/schema.org\",\"@graph\":[{\"@type\":\"Article\",\"@id\":\"https:\/\/palaceostromecko.pl\/de\/im-jahr-der-szwalbe-chopin-auf-jazz\/#article\",\"isPartOf\":{\"@id\":\"https:\/\/palaceostromecko.pl\/de\/im-jahr-der-szwalbe-chopin-auf-jazz\/\"},\"author\":{\"name\":\"Patrycja Grz\u0119da\",\"@id\":\"https:\/\/palaceostromecko.pl\/de\/#\/schema\/person\/47a86bfd3506208a79ad1b62bed21092\"},\"headline\":\"Im Jahr der Szwalbe &#8211; Chopin auf Jazz\",\"datePublished\":\"2023-07-27T12:05:12+00:00\",\"dateModified\":\"2023-12-04T12:11:49+00:00\",\"mainEntityOfPage\":{\"@id\":\"https:\/\/palaceostromecko.pl\/de\/im-jahr-der-szwalbe-chopin-auf-jazz\/\"},\"wordCount\":171,\"image\":{\"@id\":\"https:\/\/palaceostromecko.pl\/de\/im-jahr-der-szwalbe-chopin-auf-jazz\/#primaryimage\"},\"thumbnailUrl\":\"https:\/\/palaceostromecko.pl\/wp-content\/uploads\/2023\/07\/OIP-1.jpg\",\"articleSection\":[\"Was gibt es Neues?\"],\"inLanguage\":\"de-DE\"},{\"@type\":\"WebPage\",\"@id\":\"https:\/\/palaceostromecko.pl\/de\/im-jahr-der-szwalbe-chopin-auf-jazz\/\",\"url\":\"https:\/\/palaceostromecko.pl\/de\/im-jahr-der-szwalbe-chopin-auf-jazz\/\",\"name\":\"Im Jahr der Szwalbe - Chopin auf Jazz - ZPP Ostromecko\",\"isPartOf\":{\"@id\":\"https:\/\/palaceostromecko.pl\/de\/#website\"},\"primaryImageOfPage\":{\"@id\":\"https:\/\/palaceostromecko.pl\/de\/im-jahr-der-szwalbe-chopin-auf-jazz\/#primaryimage\"},\"image\":{\"@id\":\"https:\/\/palaceostromecko.pl\/de\/im-jahr-der-szwalbe-chopin-auf-jazz\/#primaryimage\"},\"thumbnailUrl\":\"https:\/\/palaceostromecko.pl\/wp-content\/uploads\/2023\/07\/OIP-1.jpg\",\"datePublished\":\"2023-07-27T12:05:12+00:00\",\"dateModified\":\"2023-12-04T12:11:49+00:00\",\"author\":{\"@id\":\"https:\/\/palaceostromecko.pl\/de\/#\/schema\/person\/47a86bfd3506208a79ad1b62bed21092\"},\"breadcrumb\":{\"@id\":\"https:\/\/palaceostromecko.pl\/de\/im-jahr-der-szwalbe-chopin-auf-jazz\/#breadcrumb\"},\"inLanguage\":\"de-DE\",\"potentialAction\":[{\"@type\":\"ReadAction\",\"target\":[\"https:\/\/palaceostromecko.pl\/de\/im-jahr-der-szwalbe-chopin-auf-jazz\/\"]}]},{\"@type\":\"ImageObject\",\"inLanguage\":\"de-DE\",\"@id\":\"https:\/\/palaceostromecko.pl\/de\/im-jahr-der-szwalbe-chopin-auf-jazz\/#primaryimage\",\"url\":\"https:\/\/palaceostromecko.pl\/wp-content\/uploads\/2023\/07\/OIP-1.jpg\",\"contentUrl\":\"https:\/\/palaceostromecko.pl\/wp-content\/uploads\/2023\/07\/OIP-1.jpg\",\"width\":221,\"height\":180},{\"@type\":\"BreadcrumbList\",\"@id\":\"https:\/\/palaceostromecko.pl\/de\/im-jahr-der-szwalbe-chopin-auf-jazz\/#breadcrumb\",\"itemListElement\":[{\"@type\":\"ListItem\",\"position\":1,\"name\":\"Strona g\u0142\u00f3wna\",\"item\":\"https:\/\/palaceostromecko.pl\/de\/\"},{\"@type\":\"ListItem\",\"position\":2,\"name\":\"Im Jahr der Szwalbe &#8211; Chopin auf Jazz\"}]},{\"@type\":\"WebSite\",\"@id\":\"https:\/\/palaceostromecko.pl\/de\/#website\",\"url\":\"https:\/\/palaceostromecko.pl\/de\/\",\"name\":\"ZPP Ostromecko\",\"description\":\"\",\"potentialAction\":[{\"@type\":\"SearchAction\",\"target\":{\"@type\":\"EntryPoint\",\"urlTemplate\":\"https:\/\/palaceostromecko.pl\/de\/?s={search_term_string}\"},\"query-input\":{\"@type\":\"PropertyValueSpecification\",\"valueRequired\":true,\"valueName\":\"search_term_string\"}}],\"inLanguage\":\"de-DE\"},{\"@type\":\"Person\",\"@id\":\"https:\/\/palaceostromecko.pl\/de\/#\/schema\/person\/47a86bfd3506208a79ad1b62bed21092\",\"name\":\"Patrycja Grz\u0119da\",\"image\":{\"@type\":\"ImageObject\",\"inLanguage\":\"de-DE\",\"@id\":\"https:\/\/palaceostromecko.pl\/de\/#\/schema\/person\/image\/\",\"url\":\"https:\/\/secure.gravatar.com\/avatar\/1d8560b682c37192b620a7ead49b73b9955755933b7bec87ddb9b3980fe31175?s=96&d=mm&r=g\",\"contentUrl\":\"https:\/\/secure.gravatar.com\/avatar\/1d8560b682c37192b620a7ead49b73b9955755933b7bec87ddb9b3980fe31175?s=96&d=mm&r=g\",\"caption\":\"Patrycja Grz\u0119da\"}}]}<\/script>\n<!-- \/ Yoast SEO plugin. -->","yoast_head_json":{"title":"Im Jahr der Szwalbe - Chopin auf Jazz - ZPP Ostromecko","robots":{"index":"index","follow":"follow","max-snippet":"max-snippet:-1","max-image-preview":"max-image-preview:large","max-video-preview":"max-video-preview:-1"},"canonical":"https:\/\/palaceostromecko.pl\/de\/im-jahr-der-szwalbe-chopin-auf-jazz\/","og_locale":"de_DE","og_type":"article","og_title":"Im Jahr der Szwalbe - Chopin auf Jazz - ZPP Ostromecko","og_description":"30. Juli 2023, am. 16.00 Das neue Schloss in Ostromecko Eintritt frei Im Jahr der Szwalbe &#8211; Chopin auf Jazz Wir m\u00f6chten Sie zu einem besonderen [&hellip;]","og_url":"https:\/\/palaceostromecko.pl\/de\/im-jahr-der-szwalbe-chopin-auf-jazz\/","og_site_name":"ZPP Ostromecko","article_published_time":"2023-07-27T12:05:12+00:00","article_modified_time":"2023-12-04T12:11:49+00:00","og_image":[{"width":221,"height":180,"url":"https:\/\/palaceostromecko.pl\/wp-content\/uploads\/2023\/07\/OIP-1.jpg","type":"image\/jpeg"}],"author":"Patrycja Grz\u0119da","twitter_card":"summary_large_image","twitter_misc":{"Written by":"Patrycja Grz\u0119da","Est. reading time":"1 minute"},"schema":{"@context":"https:\/\/schema.org","@graph":[{"@type":"Article","@id":"https:\/\/palaceostromecko.pl\/de\/im-jahr-der-szwalbe-chopin-auf-jazz\/#article","isPartOf":{"@id":"https:\/\/palaceostromecko.pl\/de\/im-jahr-der-szwalbe-chopin-auf-jazz\/"},"author":{"name":"Patrycja Grz\u0119da","@id":"https:\/\/palaceostromecko.pl\/de\/#\/schema\/person\/47a86bfd3506208a79ad1b62bed21092"},"headline":"Im Jahr der Szwalbe &#8211; Chopin auf Jazz","datePublished":"2023-07-27T12:05:12+00:00","dateModified":"2023-12-04T12:11:49+00:00","mainEntityOfPage":{"@id":"https:\/\/palaceostromecko.pl\/de\/im-jahr-der-szwalbe-chopin-auf-jazz\/"},"wordCount":171,"image":{"@id":"https:\/\/palaceostromecko.pl\/de\/im-jahr-der-szwalbe-chopin-auf-jazz\/#primaryimage"},"thumbnailUrl":"https:\/\/palaceostromecko.pl\/wp-content\/uploads\/2023\/07\/OIP-1.jpg","articleSection":["Was gibt es Neues?"],"inLanguage":"de-DE"},{"@type":"WebPage","@id":"https:\/\/palaceostromecko.pl\/de\/im-jahr-der-szwalbe-chopin-auf-jazz\/","url":"https:\/\/palaceostromecko.pl\/de\/im-jahr-der-szwalbe-chopin-auf-jazz\/","name":"Im Jahr der Szwalbe - Chopin auf Jazz - ZPP Ostromecko","isPartOf":{"@id":"https:\/\/palaceostromecko.pl\/de\/#website"},"primaryImageOfPage":{"@id":"https:\/\/palaceostromecko.pl\/de\/im-jahr-der-szwalbe-chopin-auf-jazz\/#primaryimage"},"image":{"@id":"https:\/\/palaceostromecko.pl\/de\/im-jahr-der-szwalbe-chopin-auf-jazz\/#primaryimage"},"thumbnailUrl":"https:\/\/palaceostromecko.pl\/wp-content\/uploads\/2023\/07\/OIP-1.jpg","datePublished":"2023-07-27T12:05:12+00:00","dateModified":"2023-12-04T12:11:49+00:00","author":{"@id":"https:\/\/palaceostromecko.pl\/de\/#\/schema\/person\/47a86bfd3506208a79ad1b62bed21092"},"breadcrumb":{"@id":"https:\/\/palaceostromecko.pl\/de\/im-jahr-der-szwalbe-chopin-auf-jazz\/#breadcrumb"},"inLanguage":"de-DE","potentialAction":[{"@type":"ReadAction","target":["https:\/\/palaceostromecko.pl\/de\/im-jahr-der-szwalbe-chopin-auf-jazz\/"]}]},{"@type":"ImageObject","inLanguage":"de-DE","@id":"https:\/\/palaceostromecko.pl\/de\/im-jahr-der-szwalbe-chopin-auf-jazz\/#primaryimage","url":"https:\/\/palaceostromecko.pl\/wp-content\/uploads\/2023\/07\/OIP-1.jpg","contentUrl":"https:\/\/palaceostromecko.pl\/wp-content\/uploads\/2023\/07\/OIP-1.jpg","width":221,"height":180},{"@type":"BreadcrumbList","@id":"https:\/\/palaceostromecko.pl\/de\/im-jahr-der-szwalbe-chopin-auf-jazz\/#breadcrumb","itemListElement":[{"@type":"ListItem","position":1,"name":"Strona g\u0142\u00f3wna","item":"https:\/\/palaceostromecko.pl\/de\/"},{"@type":"ListItem","position":2,"name":"Im Jahr der Szwalbe &#8211; Chopin auf Jazz"}]},{"@type":"WebSite","@id":"https:\/\/palaceostromecko.pl\/de\/#website","url":"https:\/\/palaceostromecko.pl\/de\/","name":"ZPP Ostromecko","description":"","potentialAction":[{"@type":"SearchAction","target":{"@type":"EntryPoint","urlTemplate":"https:\/\/palaceostromecko.pl\/de\/?s={search_term_string}"},"query-input":{"@type":"PropertyValueSpecification","valueRequired":true,"valueName":"search_term_string"}}],"inLanguage":"de-DE"},{"@type":"Person","@id":"https:\/\/palaceostromecko.pl\/de\/#\/schema\/person\/47a86bfd3506208a79ad1b62bed21092","name":"Patrycja Grz\u0119da","image":{"@type":"ImageObject","inLanguage":"de-DE","@id":"https:\/\/palaceostromecko.pl\/de\/#\/schema\/person\/image\/","url":"https:\/\/secure.gravatar.com\/avatar\/1d8560b682c37192b620a7ead49b73b9955755933b7bec87ddb9b3980fe31175?s=96&d=mm&r=g","contentUrl":"https:\/\/secure.gravatar.com\/avatar\/1d8560b682c37192b620a7ead49b73b9955755933b7bec87ddb9b3980fe31175?s=96&d=mm&r=g","caption":"Patrycja Grz\u0119da"}}]}},"_links":{"self":[{"href":"https:\/\/palaceostromecko.pl\/de\/wp-json\/wp\/v2\/posts\/15124","targetHints":{"allow":["GET"]}}],"collection":[{"href":"https:\/\/palaceostromecko.pl\/de\/wp-json\/wp\/v2\/posts"}],"about":[{"href":"https:\/\/palaceostromecko.pl\/de\/wp-json\/wp\/v2\/types\/post"}],"author":[{"embeddable":true,"href":"https:\/\/palaceostromecko.pl\/de\/wp-json\/wp\/v2\/users\/6"}],"replies":[{"embeddable":true,"href":"https:\/\/palaceostromecko.pl\/de\/wp-json\/wp\/v2\/comments?post=15124"}],"version-history":[{"count":1,"href":"https:\/\/palaceostromecko.pl\/de\/wp-json\/wp\/v2\/posts\/15124\/revisions"}],"predecessor-version":[{"id":15128,"href":"https:\/\/palaceostromecko.pl\/de\/wp-json\/wp\/v2\/posts\/15124\/revisions\/15128"}],"wp:featuredmedia":[{"embeddable":true,"href":"https:\/\/palaceostromecko.pl\/de\/wp-json\/wp\/v2\/media\/15125"}],"wp:attachment":[{"href":"https:\/\/palaceostromecko.pl\/de\/wp-json\/wp\/v2\/media?parent=15124"}],"wp:term":[{"taxonomy":"category","embeddable":true,"href":"https:\/\/palaceostromecko.pl\/de\/wp-json\/wp\/v2\/categories?post=15124"},{"taxonomy":"post_tag","embeddable":true,"href":"https:\/\/palaceostromecko.pl\/de\/wp-json\/wp\/v2\/tags?post=15124"}],"curies":[{"name":"wp","href":"https:\/\/api.w.org\/{rel}","templated":true}]}}