{"id":14973,"date":"2023-09-02T10:21:19","date_gmt":"2023-09-02T10:21:19","guid":{"rendered":"https:\/\/po.marcindziadek.pl\/zwischen-ost-und-west\/"},"modified":"2023-12-04T10:18:55","modified_gmt":"2023-12-04T10:18:55","slug":"zwischen-ost-und-west","status":"publish","type":"post","link":"https:\/\/palaceostromecko.pl\/de\/zwischen-ost-und-west\/","title":{"rendered":"&#8220;Zwischen Ost und West&#8221;"},"content":{"rendered":"\n<p><strong>9. September 2023, Samstag, am. 16.00<\/strong><br\/><strong>Das alte Schloss in Ostromecko<\/strong><\/p>\n\n<p><strong>KEINE PL\u00c4TZE VERF\u00dcGBAR<br\/>Anmeldung<\/strong>: <strong>recepcja@palaceostromecko.pl<\/strong><\/p>\n\n<p><strong>Interpreten: Przemys\u0142aw Baranek und Hanna Oko\u0144ska<\/strong><\/p>\n\n<p><strong>Begleitung: Justyna Jakubowska<\/strong><\/p>\n\n<p><strong>Przemys\u0142aw Baranek<\/strong> schloss sein Studium an der Fakult\u00e4t f\u00fcr Gesang und Schauspiel an der Karol-Szymanowski-Musikakademie ab. Feliks Nowowiejski in der Klasse von prof. Maciej Witkiewicz, der den Master of Arts erwarb. Er setzte seine Studien in Mailand bei Professoren wie Carlo Gaifa, Gianni Maffeo und Anatoly Goussev fort. Er hat auch mit dem Giuseppe Verdi Symphonic Choir in Mailand und dem Chor der Accademia del Teatro alla Scala zusammengearbeitet, mit denen er in Italien aufgetreten ist. Im Oktober 2019 unterzeichnete er einen Vertrag als Chors\u00e4nger an der Oper von Monte Carlo. Seitdem sang er mehrere Nebenrollen an der Opera de Monte Carlo und den Choregies d&#8217;Orange sowie als Solist in verschiedenen Chorvereinigungen unter Dirigenten wie Marco Armiliato, Gianluca Capuan und Daniele Callegari und trat mit K\u00fcnstlern wie Cecilia Bartoli, Sabine Devieilhe und Aida Garifullina auf.<\/p>\n\n<p><strong>Hanna Oko\u0144ska<\/strong> ist Solistin am Gro\u00dfen Theater in \u0141\u00f3d\u017a. Arbeitet mit m. in. Mit dem Grand Theatre &#8211; National Opera, der Wroc\u0142aw Opera, der Baltic Opera, der Opera Nova in Bydgoszcz und dem Musikverein in Graz. Absolventin des ersten und zweiten Studiengangs der Fakult\u00e4t f\u00fcr Gesang und Schauspiel an der Karol-Szymanowski-Musikakademie in Kattowitz. Feliks Nowowiejski in Bydgoszcz in der Klasse von prof. dr. hab. Ma\u0142gorzata Grela. Sie schloss ihr Studium 2017 mit Auszeichnung ab. Sie erhielt zweimal ein Stipendium des Ministers f\u00fcr Kultur und Nationales Erbe f\u00fcr herausragende k\u00fcnstlerische Leistungen. Doktor der musikalischen K\u00fcnste in der k\u00fcnstlerischen Disziplin der Gesangsdarbietung seit 2022. Als Solistin hat sie zahlreiche Konzerte in Polen und im Ausland gegeben, darunter. in den Vereinigten Arabischen Emiraten, Saudi-Arabien, \u00d6sterreich, Deutschland, der Slowakei, Belarus, Ungarn, Kasachstan und Belgien. Im April 2019 nahm sie am Au\u00dferordentlichen Symphoniekonzert des Europ\u00e4ischen Musikzentrums Krzysztof Penderecki unter der Leitung von Jos\u00e9 Cura teil.<\/p>\n\n<p><strong>Justyna Jakubowska<\/strong> ist Absolventin der Instrumentalabteilung der <strong>Karol-Szymanowski-Musikakademie<\/strong>. F. Nowowiejski in Bydgoszcz in der Klasse von prof. Jerzy Godziszewski und Prof. Maria Murawska. Ihre pianistischen F\u00e4higkeiten hat sie in zahlreichen Klavierkursen und Workshops unter der Leitung von bekannten und angesehenen Professoren aus Polen und Europa vertieft. August 2018. Zusammen mit Wojciech Dyngosz und Monika Litwin-Dyngosz nahm sie ein Album mit Liedern von Zygmunt Noskowski auf. M\u00e4rz 2020. erlangte einen Doktortitel im Bereich der K\u00fcnste, Disziplin der musikalischen K\u00fcnste. Sechs Jahre lang war sie beruflich mit der Karol Szymanowski Academy of Music verbunden. Feliks Nowowiejski in Bydgoszcz, wo sie u. a. mit folgenden K\u00fcnstlern zusammenarbeitete mit: prof. Vadim Brodsky, prof. Maciej Witkiewicz und Prof. Urszula Jankowiak. Derzeit arbeitet sie als Assistenzprofessorin an der Instrumentalabteilung der Kunstakademie in Szczecin und als Klavierlehrerin an der Musikschule des ersten Grades in Che\u0142m\u017ca.<\/p>\n","protected":false},"excerpt":{"rendered":"<p>9. September 2023, Samstag, am. 16.00Das alte Schloss in Ostromecko KEINE PL\u00c4TZE VERF\u00dcGBARAnmeldung: recepcja@palaceostromecko.pl Interpreten: Przemys\u0142aw Baranek und Hanna Oko\u0144ska Begleitung: Justyna Jakubowska Przemys\u0142aw Baranek schloss [&hellip;]<\/p>\n","protected":false},"author":6,"featured_media":14975,"comment_status":"closed","ping_status":"closed","sticky":false,"template":"","format":"standard","meta":{"footnotes":""},"categories":[30],"tags":[],"class_list":["post-14973","post","type-post","status-publish","format-standard","has-post-thumbnail","hentry","category-neuigkeiten"],"yoast_head":"<!-- This site is optimized with the Yoast SEO plugin v27.1.1 - https:\/\/yoast.com\/product\/yoast-seo-wordpress\/ -->\n<title>&quot;Zwischen Ost und West&quot; - ZPP Ostromecko<\/title>\n<meta name=\"robots\" content=\"index, follow, max-snippet:-1, max-image-preview:large, max-video-preview:-1\" \/>\n<link rel=\"canonical\" href=\"https:\/\/palaceostromecko.pl\/de\/zwischen-ost-und-west\/\" \/>\n<meta property=\"og:locale\" content=\"de_DE\" \/>\n<meta property=\"og:type\" content=\"article\" \/>\n<meta property=\"og:title\" content=\"&quot;Zwischen Ost und West&quot; - ZPP Ostromecko\" \/>\n<meta property=\"og:description\" content=\"9. September 2023, Samstag, am. 16.00Das alte Schloss in Ostromecko KEINE PL\u00c4TZE VERF\u00dcGBARAnmeldung: recepcja@palaceostromecko.pl Interpreten: Przemys\u0142aw Baranek und Hanna Oko\u0144ska Begleitung: Justyna Jakubowska Przemys\u0142aw Baranek schloss [&hellip;]\" \/>\n<meta property=\"og:url\" content=\"https:\/\/palaceostromecko.pl\/de\/zwischen-ost-und-west\/\" \/>\n<meta property=\"og:site_name\" content=\"ZPP Ostromecko\" \/>\n<meta property=\"article:published_time\" content=\"2023-09-02T10:21:19+00:00\" \/>\n<meta property=\"article:modified_time\" content=\"2023-12-04T10:18:55+00:00\" \/>\n<meta property=\"og:image\" content=\"https:\/\/palaceostromecko.pl\/wp-content\/uploads\/2023\/09\/Koncert_wrzesien_1080x1080_2.jpg\" \/>\n\t<meta property=\"og:image:width\" content=\"2250\" \/>\n\t<meta property=\"og:image:height\" content=\"2250\" \/>\n\t<meta property=\"og:image:type\" content=\"image\/jpeg\" \/>\n<meta name=\"author\" content=\"Patrycja Grz\u0119da\" \/>\n<meta name=\"twitter:card\" content=\"summary_large_image\" \/>\n<meta name=\"twitter:label1\" content=\"Written by\" \/>\n\t<meta name=\"twitter:data1\" content=\"Patrycja Grz\u0119da\" \/>\n\t<meta name=\"twitter:label2\" content=\"Est. reading time\" \/>\n\t<meta name=\"twitter:data2\" content=\"2 minutes\" \/>\n<script type=\"application\/ld+json\" class=\"yoast-schema-graph\">{\"@context\":\"https:\/\/schema.org\",\"@graph\":[{\"@type\":\"Article\",\"@id\":\"https:\/\/palaceostromecko.pl\/de\/zwischen-ost-und-west\/#article\",\"isPartOf\":{\"@id\":\"https:\/\/palaceostromecko.pl\/de\/zwischen-ost-und-west\/\"},\"author\":{\"name\":\"Patrycja Grz\u0119da\",\"@id\":\"https:\/\/palaceostromecko.pl\/de\/#\/schema\/person\/47a86bfd3506208a79ad1b62bed21092\"},\"headline\":\"&#8220;Zwischen Ost und West&#8221;\",\"datePublished\":\"2023-09-02T10:21:19+00:00\",\"dateModified\":\"2023-12-04T10:18:55+00:00\",\"mainEntityOfPage\":{\"@id\":\"https:\/\/palaceostromecko.pl\/de\/zwischen-ost-und-west\/\"},\"wordCount\":474,\"image\":{\"@id\":\"https:\/\/palaceostromecko.pl\/de\/zwischen-ost-und-west\/#primaryimage\"},\"thumbnailUrl\":\"https:\/\/palaceostromecko.pl\/wp-content\/uploads\/2023\/09\/Koncert_wrzesien_1080x1080_2.jpg\",\"articleSection\":[\"Was gibt es Neues?\"],\"inLanguage\":\"de-DE\"},{\"@type\":\"WebPage\",\"@id\":\"https:\/\/palaceostromecko.pl\/de\/zwischen-ost-und-west\/\",\"url\":\"https:\/\/palaceostromecko.pl\/de\/zwischen-ost-und-west\/\",\"name\":\"\\\"Zwischen Ost und West\\\" - ZPP Ostromecko\",\"isPartOf\":{\"@id\":\"https:\/\/palaceostromecko.pl\/de\/#website\"},\"primaryImageOfPage\":{\"@id\":\"https:\/\/palaceostromecko.pl\/de\/zwischen-ost-und-west\/#primaryimage\"},\"image\":{\"@id\":\"https:\/\/palaceostromecko.pl\/de\/zwischen-ost-und-west\/#primaryimage\"},\"thumbnailUrl\":\"https:\/\/palaceostromecko.pl\/wp-content\/uploads\/2023\/09\/Koncert_wrzesien_1080x1080_2.jpg\",\"datePublished\":\"2023-09-02T10:21:19+00:00\",\"dateModified\":\"2023-12-04T10:18:55+00:00\",\"author\":{\"@id\":\"https:\/\/palaceostromecko.pl\/de\/#\/schema\/person\/47a86bfd3506208a79ad1b62bed21092\"},\"breadcrumb\":{\"@id\":\"https:\/\/palaceostromecko.pl\/de\/zwischen-ost-und-west\/#breadcrumb\"},\"inLanguage\":\"de-DE\",\"potentialAction\":[{\"@type\":\"ReadAction\",\"target\":[\"https:\/\/palaceostromecko.pl\/de\/zwischen-ost-und-west\/\"]}]},{\"@type\":\"ImageObject\",\"inLanguage\":\"de-DE\",\"@id\":\"https:\/\/palaceostromecko.pl\/de\/zwischen-ost-und-west\/#primaryimage\",\"url\":\"https:\/\/palaceostromecko.pl\/wp-content\/uploads\/2023\/09\/Koncert_wrzesien_1080x1080_2.jpg\",\"contentUrl\":\"https:\/\/palaceostromecko.pl\/wp-content\/uploads\/2023\/09\/Koncert_wrzesien_1080x1080_2.jpg\",\"width\":2250,\"height\":2250},{\"@type\":\"BreadcrumbList\",\"@id\":\"https:\/\/palaceostromecko.pl\/de\/zwischen-ost-und-west\/#breadcrumb\",\"itemListElement\":[{\"@type\":\"ListItem\",\"position\":1,\"name\":\"Strona g\u0142\u00f3wna\",\"item\":\"https:\/\/palaceostromecko.pl\/de\/\"},{\"@type\":\"ListItem\",\"position\":2,\"name\":\"&#8222;Zwischen Ost und West&#8220;\"}]},{\"@type\":\"WebSite\",\"@id\":\"https:\/\/palaceostromecko.pl\/de\/#website\",\"url\":\"https:\/\/palaceostromecko.pl\/de\/\",\"name\":\"ZPP Ostromecko\",\"description\":\"\",\"potentialAction\":[{\"@type\":\"SearchAction\",\"target\":{\"@type\":\"EntryPoint\",\"urlTemplate\":\"https:\/\/palaceostromecko.pl\/de\/?s={search_term_string}\"},\"query-input\":{\"@type\":\"PropertyValueSpecification\",\"valueRequired\":true,\"valueName\":\"search_term_string\"}}],\"inLanguage\":\"de-DE\"},{\"@type\":\"Person\",\"@id\":\"https:\/\/palaceostromecko.pl\/de\/#\/schema\/person\/47a86bfd3506208a79ad1b62bed21092\",\"name\":\"Patrycja Grz\u0119da\",\"image\":{\"@type\":\"ImageObject\",\"inLanguage\":\"de-DE\",\"@id\":\"https:\/\/palaceostromecko.pl\/de\/#\/schema\/person\/image\/\",\"url\":\"https:\/\/secure.gravatar.com\/avatar\/1d8560b682c37192b620a7ead49b73b9955755933b7bec87ddb9b3980fe31175?s=96&d=mm&r=g\",\"contentUrl\":\"https:\/\/secure.gravatar.com\/avatar\/1d8560b682c37192b620a7ead49b73b9955755933b7bec87ddb9b3980fe31175?s=96&d=mm&r=g\",\"caption\":\"Patrycja Grz\u0119da\"}}]}<\/script>\n<!-- \/ Yoast SEO plugin. -->","yoast_head_json":{"title":"\"Zwischen Ost und West\" - ZPP Ostromecko","robots":{"index":"index","follow":"follow","max-snippet":"max-snippet:-1","max-image-preview":"max-image-preview:large","max-video-preview":"max-video-preview:-1"},"canonical":"https:\/\/palaceostromecko.pl\/de\/zwischen-ost-und-west\/","og_locale":"de_DE","og_type":"article","og_title":"\"Zwischen Ost und West\" - ZPP Ostromecko","og_description":"9. September 2023, Samstag, am. 16.00Das alte Schloss in Ostromecko KEINE PL\u00c4TZE VERF\u00dcGBARAnmeldung: recepcja@palaceostromecko.pl Interpreten: Przemys\u0142aw Baranek und Hanna Oko\u0144ska Begleitung: Justyna Jakubowska Przemys\u0142aw Baranek schloss [&hellip;]","og_url":"https:\/\/palaceostromecko.pl\/de\/zwischen-ost-und-west\/","og_site_name":"ZPP Ostromecko","article_published_time":"2023-09-02T10:21:19+00:00","article_modified_time":"2023-12-04T10:18:55+00:00","og_image":[{"width":2250,"height":2250,"url":"https:\/\/palaceostromecko.pl\/wp-content\/uploads\/2023\/09\/Koncert_wrzesien_1080x1080_2.jpg","type":"image\/jpeg"}],"author":"Patrycja Grz\u0119da","twitter_card":"summary_large_image","twitter_misc":{"Written by":"Patrycja Grz\u0119da","Est. reading time":"2 minutes"},"schema":{"@context":"https:\/\/schema.org","@graph":[{"@type":"Article","@id":"https:\/\/palaceostromecko.pl\/de\/zwischen-ost-und-west\/#article","isPartOf":{"@id":"https:\/\/palaceostromecko.pl\/de\/zwischen-ost-und-west\/"},"author":{"name":"Patrycja Grz\u0119da","@id":"https:\/\/palaceostromecko.pl\/de\/#\/schema\/person\/47a86bfd3506208a79ad1b62bed21092"},"headline":"&#8220;Zwischen Ost und West&#8221;","datePublished":"2023-09-02T10:21:19+00:00","dateModified":"2023-12-04T10:18:55+00:00","mainEntityOfPage":{"@id":"https:\/\/palaceostromecko.pl\/de\/zwischen-ost-und-west\/"},"wordCount":474,"image":{"@id":"https:\/\/palaceostromecko.pl\/de\/zwischen-ost-und-west\/#primaryimage"},"thumbnailUrl":"https:\/\/palaceostromecko.pl\/wp-content\/uploads\/2023\/09\/Koncert_wrzesien_1080x1080_2.jpg","articleSection":["Was gibt es Neues?"],"inLanguage":"de-DE"},{"@type":"WebPage","@id":"https:\/\/palaceostromecko.pl\/de\/zwischen-ost-und-west\/","url":"https:\/\/palaceostromecko.pl\/de\/zwischen-ost-und-west\/","name":"\"Zwischen Ost und West\" - ZPP Ostromecko","isPartOf":{"@id":"https:\/\/palaceostromecko.pl\/de\/#website"},"primaryImageOfPage":{"@id":"https:\/\/palaceostromecko.pl\/de\/zwischen-ost-und-west\/#primaryimage"},"image":{"@id":"https:\/\/palaceostromecko.pl\/de\/zwischen-ost-und-west\/#primaryimage"},"thumbnailUrl":"https:\/\/palaceostromecko.pl\/wp-content\/uploads\/2023\/09\/Koncert_wrzesien_1080x1080_2.jpg","datePublished":"2023-09-02T10:21:19+00:00","dateModified":"2023-12-04T10:18:55+00:00","author":{"@id":"https:\/\/palaceostromecko.pl\/de\/#\/schema\/person\/47a86bfd3506208a79ad1b62bed21092"},"breadcrumb":{"@id":"https:\/\/palaceostromecko.pl\/de\/zwischen-ost-und-west\/#breadcrumb"},"inLanguage":"de-DE","potentialAction":[{"@type":"ReadAction","target":["https:\/\/palaceostromecko.pl\/de\/zwischen-ost-und-west\/"]}]},{"@type":"ImageObject","inLanguage":"de-DE","@id":"https:\/\/palaceostromecko.pl\/de\/zwischen-ost-und-west\/#primaryimage","url":"https:\/\/palaceostromecko.pl\/wp-content\/uploads\/2023\/09\/Koncert_wrzesien_1080x1080_2.jpg","contentUrl":"https:\/\/palaceostromecko.pl\/wp-content\/uploads\/2023\/09\/Koncert_wrzesien_1080x1080_2.jpg","width":2250,"height":2250},{"@type":"BreadcrumbList","@id":"https:\/\/palaceostromecko.pl\/de\/zwischen-ost-und-west\/#breadcrumb","itemListElement":[{"@type":"ListItem","position":1,"name":"Strona g\u0142\u00f3wna","item":"https:\/\/palaceostromecko.pl\/de\/"},{"@type":"ListItem","position":2,"name":"&#8222;Zwischen Ost und West&#8220;"}]},{"@type":"WebSite","@id":"https:\/\/palaceostromecko.pl\/de\/#website","url":"https:\/\/palaceostromecko.pl\/de\/","name":"ZPP Ostromecko","description":"","potentialAction":[{"@type":"SearchAction","target":{"@type":"EntryPoint","urlTemplate":"https:\/\/palaceostromecko.pl\/de\/?s={search_term_string}"},"query-input":{"@type":"PropertyValueSpecification","valueRequired":true,"valueName":"search_term_string"}}],"inLanguage":"de-DE"},{"@type":"Person","@id":"https:\/\/palaceostromecko.pl\/de\/#\/schema\/person\/47a86bfd3506208a79ad1b62bed21092","name":"Patrycja Grz\u0119da","image":{"@type":"ImageObject","inLanguage":"de-DE","@id":"https:\/\/palaceostromecko.pl\/de\/#\/schema\/person\/image\/","url":"https:\/\/secure.gravatar.com\/avatar\/1d8560b682c37192b620a7ead49b73b9955755933b7bec87ddb9b3980fe31175?s=96&d=mm&r=g","contentUrl":"https:\/\/secure.gravatar.com\/avatar\/1d8560b682c37192b620a7ead49b73b9955755933b7bec87ddb9b3980fe31175?s=96&d=mm&r=g","caption":"Patrycja Grz\u0119da"}}]}},"_links":{"self":[{"href":"https:\/\/palaceostromecko.pl\/de\/wp-json\/wp\/v2\/posts\/14973","targetHints":{"allow":["GET"]}}],"collection":[{"href":"https:\/\/palaceostromecko.pl\/de\/wp-json\/wp\/v2\/posts"}],"about":[{"href":"https:\/\/palaceostromecko.pl\/de\/wp-json\/wp\/v2\/types\/post"}],"author":[{"embeddable":true,"href":"https:\/\/palaceostromecko.pl\/de\/wp-json\/wp\/v2\/users\/6"}],"replies":[{"embeddable":true,"href":"https:\/\/palaceostromecko.pl\/de\/wp-json\/wp\/v2\/comments?post=14973"}],"version-history":[{"count":2,"href":"https:\/\/palaceostromecko.pl\/de\/wp-json\/wp\/v2\/posts\/14973\/revisions"}],"predecessor-version":[{"id":14983,"href":"https:\/\/palaceostromecko.pl\/de\/wp-json\/wp\/v2\/posts\/14973\/revisions\/14983"}],"wp:featuredmedia":[{"embeddable":true,"href":"https:\/\/palaceostromecko.pl\/de\/wp-json\/wp\/v2\/media\/14975"}],"wp:attachment":[{"href":"https:\/\/palaceostromecko.pl\/de\/wp-json\/wp\/v2\/media?parent=14973"}],"wp:term":[{"taxonomy":"category","embeddable":true,"href":"https:\/\/palaceostromecko.pl\/de\/wp-json\/wp\/v2\/categories?post=14973"},{"taxonomy":"post_tag","embeddable":true,"href":"https:\/\/palaceostromecko.pl\/de\/wp-json\/wp\/v2\/tags?post=14973"}],"curies":[{"name":"wp","href":"https:\/\/api.w.org\/{rel}","templated":true}]}}