{"id":14962,"date":"2023-08-04T12:17:10","date_gmt":"2023-08-04T12:17:10","guid":{"rendered":"https:\/\/po.marcindziadek.pl\/krzysztof-herdzin-eindruecke-von-paderewski\/"},"modified":"2023-12-04T10:18:55","modified_gmt":"2023-12-04T10:18:55","slug":"krzysztof-herdzin-eindruecke-von-paderewski","status":"publish","type":"post","link":"https:\/\/palaceostromecko.pl\/de\/krzysztof-herdzin-eindruecke-von-paderewski\/","title":{"rendered":"Krzysztof Herdzin &#8220;Eindr\u00fccke von Paderewski&#8221;"},"content":{"rendered":"\n<p><strong>Sonntag, 20. August 2023, am. 16.00<br\/>Das neue Schloss in Ostromecko<br\/>Rekorde: recepcja@palaceostromecko.pl  <\/strong><\/p>\n\n<p>Menuett in G-Dur op. 14 Nr. 1  <br\/>Legende As-Dur op. 16 Nr. 1  <br\/>Nocturne in B-Dur op. 16 Nr. 4  <br\/>Thema aus der Polnischen Fantasie gis-Moll op. 19  <br\/>Thema aus dem dritten Satz (Finale. Allegro molto vivace) des Klavierkonzerts in a-Moll, Op. 17<\/p>\n\n<p>&#8220;Jedes Jazz-Arrangement von klassischer Musik ist f\u00fcr mich eine gro\u00dfe Herausforderung, aber auch ein Vergn\u00fcgen. Als klassisch ausgebildeter Pianist, der alle Stufen der musikalischen Ausbildung durchlaufen hat und sein Diplom an der Musikakademie in Bydgoszcz in der Klasse von prof. Catherine Popowa-Zydro\u00f1, diese Musik, ihre \u00c4sthetik, Phrasierung, Farben und Stimmungen haben es mir angetan. Ich greife sehr oft und sogar organisch auf diese Grundlage zur\u00fcck, wenn ich zeitgen\u00f6ssische Musik komponiere oder \u00fcber Jazz improvisiere.<\/p>\n\n<p>Die Figur des Ignacy Jan Paderewski und seine Musik sind mir seit Jahren gut bekannt, und so war ich hocherfreut, als ich den Vorschlag erhielt, ein Projekt zu entwickeln, das die Werke dieses herausragenden Komponisten und Pianisten in einer originellen Jazzversion f\u00fcr Solo-Klavier pr\u00e4sentiert. Dies ist meine bevorzugte Ausdrucksform, und wenn ich Solokonzerte mit Jazzst\u00fccken oder meinen eigenen &#8216;Impressionen&#8217; zu Themen von Chopin, Komeda oder Stanko gebe, bewege ich mich durch das stilistisch unbegrenzte Universum der Musik und greife ohne zu z\u00f6gern zu polyphoner, romantischer, dodekaphoner, filmischer, Jazz- oder experimenteller Musik.<\/p>\n\n<p>Der Erw\u00e4gungsgrund wurde am 23.11. uraufgef\u00fchrt. 2019 r. w\u00e4hrend des 11. Internationalen J. K. K. Festivals. Ignacy Jan Paderewski in der Pommerschen Philharmonie in Bydgoszcz. Im November 2020 wurde eine CD-Aufnahme dieses Konzerts mit dem Titel<em>&#8220;Krzysztof Herdzin &#8211; Impressions on Paderewski<\/em>&#8221; von der Plattenfirma Anaklasis unter dem Namen PWM ver\u00f6ffentlicht.&#8221;<\/p>\n\n<p>Krzysztof Herdzin<\/p>\n","protected":false},"excerpt":{"rendered":"<p>Sonntag, 20. August 2023, am. 16.00Das neue Schloss in OstromeckoRekorde: recepcja@palaceostromecko.pl Menuett in G-Dur op. 14 Nr. 1 Legende As-Dur op. 16 Nr. 1 Nocturne in [&hellip;]<\/p>\n","protected":false},"author":6,"featured_media":14965,"comment_status":"closed","ping_status":"closed","sticky":false,"template":"","format":"standard","meta":{"footnotes":""},"categories":[30],"tags":[],"class_list":["post-14962","post","type-post","status-publish","format-standard","has-post-thumbnail","hentry","category-neuigkeiten"],"yoast_head":"<!-- This site is optimized with the Yoast SEO plugin v27.1.1 - https:\/\/yoast.com\/product\/yoast-seo-wordpress\/ -->\n<title>Krzysztof Herdzin &quot;Eindr\u00fccke von Paderewski&quot; - ZPP Ostromecko<\/title>\n<meta name=\"robots\" content=\"index, follow, max-snippet:-1, max-image-preview:large, max-video-preview:-1\" \/>\n<link rel=\"canonical\" href=\"https:\/\/palaceostromecko.pl\/de\/krzysztof-herdzin-eindruecke-von-paderewski\/\" \/>\n<meta property=\"og:locale\" content=\"de_DE\" \/>\n<meta property=\"og:type\" content=\"article\" \/>\n<meta property=\"og:title\" content=\"Krzysztof Herdzin &quot;Eindr\u00fccke von Paderewski&quot; - ZPP Ostromecko\" \/>\n<meta property=\"og:description\" content=\"Sonntag, 20. August 2023, am. 16.00Das neue Schloss in OstromeckoRekorde: recepcja@palaceostromecko.pl Menuett in G-Dur op. 14 Nr. 1 Legende As-Dur op. 16 Nr. 1 Nocturne in [&hellip;]\" \/>\n<meta property=\"og:url\" content=\"https:\/\/palaceostromecko.pl\/de\/krzysztof-herdzin-eindruecke-von-paderewski\/\" \/>\n<meta property=\"og:site_name\" content=\"ZPP Ostromecko\" \/>\n<meta property=\"article:published_time\" content=\"2023-08-04T12:17:10+00:00\" \/>\n<meta property=\"article:modified_time\" content=\"2023-12-04T10:18:55+00:00\" \/>\n<meta property=\"og:image\" content=\"https:\/\/palaceostromecko.pl\/wp-content\/uploads\/2023\/08\/thumbnail_Image-11-1-scaled-e1691151504393.jpg\" \/>\n\t<meta property=\"og:image:width\" content=\"1707\" \/>\n\t<meta property=\"og:image:height\" content=\"2016\" \/>\n\t<meta property=\"og:image:type\" content=\"image\/jpeg\" \/>\n<meta name=\"author\" content=\"Patrycja Grz\u0119da\" \/>\n<meta name=\"twitter:card\" content=\"summary_large_image\" \/>\n<meta name=\"twitter:label1\" content=\"Written by\" \/>\n\t<meta name=\"twitter:data1\" content=\"Patrycja Grz\u0119da\" \/>\n\t<meta name=\"twitter:label2\" content=\"Est. reading time\" \/>\n\t<meta name=\"twitter:data2\" content=\"1 minute\" \/>\n<script type=\"application\/ld+json\" class=\"yoast-schema-graph\">{\"@context\":\"https:\/\/schema.org\",\"@graph\":[{\"@type\":\"Article\",\"@id\":\"https:\/\/palaceostromecko.pl\/de\/krzysztof-herdzin-eindruecke-von-paderewski\/#article\",\"isPartOf\":{\"@id\":\"https:\/\/palaceostromecko.pl\/de\/krzysztof-herdzin-eindruecke-von-paderewski\/\"},\"author\":{\"name\":\"Patrycja Grz\u0119da\",\"@id\":\"https:\/\/palaceostromecko.pl\/de\/#\/schema\/person\/47a86bfd3506208a79ad1b62bed21092\"},\"headline\":\"Krzysztof Herdzin &#8220;Eindr\u00fccke von Paderewski&#8221;\",\"datePublished\":\"2023-08-04T12:17:10+00:00\",\"dateModified\":\"2023-12-04T10:18:55+00:00\",\"mainEntityOfPage\":{\"@id\":\"https:\/\/palaceostromecko.pl\/de\/krzysztof-herdzin-eindruecke-von-paderewski\/\"},\"wordCount\":279,\"image\":{\"@id\":\"https:\/\/palaceostromecko.pl\/de\/krzysztof-herdzin-eindruecke-von-paderewski\/#primaryimage\"},\"thumbnailUrl\":\"https:\/\/palaceostromecko.pl\/wp-content\/uploads\/2023\/08\/thumbnail_Image-11-1-scaled-e1691151504393.jpg\",\"articleSection\":[\"Was gibt es Neues?\"],\"inLanguage\":\"de-DE\"},{\"@type\":\"WebPage\",\"@id\":\"https:\/\/palaceostromecko.pl\/de\/krzysztof-herdzin-eindruecke-von-paderewski\/\",\"url\":\"https:\/\/palaceostromecko.pl\/de\/krzysztof-herdzin-eindruecke-von-paderewski\/\",\"name\":\"Krzysztof Herdzin \\\"Eindr\u00fccke von Paderewski\\\" - ZPP Ostromecko\",\"isPartOf\":{\"@id\":\"https:\/\/palaceostromecko.pl\/de\/#website\"},\"primaryImageOfPage\":{\"@id\":\"https:\/\/palaceostromecko.pl\/de\/krzysztof-herdzin-eindruecke-von-paderewski\/#primaryimage\"},\"image\":{\"@id\":\"https:\/\/palaceostromecko.pl\/de\/krzysztof-herdzin-eindruecke-von-paderewski\/#primaryimage\"},\"thumbnailUrl\":\"https:\/\/palaceostromecko.pl\/wp-content\/uploads\/2023\/08\/thumbnail_Image-11-1-scaled-e1691151504393.jpg\",\"datePublished\":\"2023-08-04T12:17:10+00:00\",\"dateModified\":\"2023-12-04T10:18:55+00:00\",\"author\":{\"@id\":\"https:\/\/palaceostromecko.pl\/de\/#\/schema\/person\/47a86bfd3506208a79ad1b62bed21092\"},\"breadcrumb\":{\"@id\":\"https:\/\/palaceostromecko.pl\/de\/krzysztof-herdzin-eindruecke-von-paderewski\/#breadcrumb\"},\"inLanguage\":\"de-DE\",\"potentialAction\":[{\"@type\":\"ReadAction\",\"target\":[\"https:\/\/palaceostromecko.pl\/de\/krzysztof-herdzin-eindruecke-von-paderewski\/\"]}]},{\"@type\":\"ImageObject\",\"inLanguage\":\"de-DE\",\"@id\":\"https:\/\/palaceostromecko.pl\/de\/krzysztof-herdzin-eindruecke-von-paderewski\/#primaryimage\",\"url\":\"https:\/\/palaceostromecko.pl\/wp-content\/uploads\/2023\/08\/thumbnail_Image-11-1-scaled-e1691151504393.jpg\",\"contentUrl\":\"https:\/\/palaceostromecko.pl\/wp-content\/uploads\/2023\/08\/thumbnail_Image-11-1-scaled-e1691151504393.jpg\",\"width\":1707,\"height\":2016},{\"@type\":\"BreadcrumbList\",\"@id\":\"https:\/\/palaceostromecko.pl\/de\/krzysztof-herdzin-eindruecke-von-paderewski\/#breadcrumb\",\"itemListElement\":[{\"@type\":\"ListItem\",\"position\":1,\"name\":\"Strona g\u0142\u00f3wna\",\"item\":\"https:\/\/palaceostromecko.pl\/de\/\"},{\"@type\":\"ListItem\",\"position\":2,\"name\":\"Krzysztof Herdzin &#8222;Eindr\u00fccke von Paderewski&#8220;\"}]},{\"@type\":\"WebSite\",\"@id\":\"https:\/\/palaceostromecko.pl\/de\/#website\",\"url\":\"https:\/\/palaceostromecko.pl\/de\/\",\"name\":\"ZPP Ostromecko\",\"description\":\"\",\"potentialAction\":[{\"@type\":\"SearchAction\",\"target\":{\"@type\":\"EntryPoint\",\"urlTemplate\":\"https:\/\/palaceostromecko.pl\/de\/?s={search_term_string}\"},\"query-input\":{\"@type\":\"PropertyValueSpecification\",\"valueRequired\":true,\"valueName\":\"search_term_string\"}}],\"inLanguage\":\"de-DE\"},{\"@type\":\"Person\",\"@id\":\"https:\/\/palaceostromecko.pl\/de\/#\/schema\/person\/47a86bfd3506208a79ad1b62bed21092\",\"name\":\"Patrycja Grz\u0119da\",\"image\":{\"@type\":\"ImageObject\",\"inLanguage\":\"de-DE\",\"@id\":\"https:\/\/palaceostromecko.pl\/de\/#\/schema\/person\/image\/\",\"url\":\"https:\/\/secure.gravatar.com\/avatar\/1d8560b682c37192b620a7ead49b73b9955755933b7bec87ddb9b3980fe31175?s=96&d=mm&r=g\",\"contentUrl\":\"https:\/\/secure.gravatar.com\/avatar\/1d8560b682c37192b620a7ead49b73b9955755933b7bec87ddb9b3980fe31175?s=96&d=mm&r=g\",\"caption\":\"Patrycja Grz\u0119da\"}}]}<\/script>\n<!-- \/ Yoast SEO plugin. -->","yoast_head_json":{"title":"Krzysztof Herdzin \"Eindr\u00fccke von Paderewski\" - ZPP Ostromecko","robots":{"index":"index","follow":"follow","max-snippet":"max-snippet:-1","max-image-preview":"max-image-preview:large","max-video-preview":"max-video-preview:-1"},"canonical":"https:\/\/palaceostromecko.pl\/de\/krzysztof-herdzin-eindruecke-von-paderewski\/","og_locale":"de_DE","og_type":"article","og_title":"Krzysztof Herdzin \"Eindr\u00fccke von Paderewski\" - ZPP Ostromecko","og_description":"Sonntag, 20. August 2023, am. 16.00Das neue Schloss in OstromeckoRekorde: recepcja@palaceostromecko.pl Menuett in G-Dur op. 14 Nr. 1 Legende As-Dur op. 16 Nr. 1 Nocturne in [&hellip;]","og_url":"https:\/\/palaceostromecko.pl\/de\/krzysztof-herdzin-eindruecke-von-paderewski\/","og_site_name":"ZPP Ostromecko","article_published_time":"2023-08-04T12:17:10+00:00","article_modified_time":"2023-12-04T10:18:55+00:00","og_image":[{"width":1707,"height":2016,"url":"https:\/\/palaceostromecko.pl\/wp-content\/uploads\/2023\/08\/thumbnail_Image-11-1-scaled-e1691151504393.jpg","type":"image\/jpeg"}],"author":"Patrycja Grz\u0119da","twitter_card":"summary_large_image","twitter_misc":{"Written by":"Patrycja Grz\u0119da","Est. reading time":"1 minute"},"schema":{"@context":"https:\/\/schema.org","@graph":[{"@type":"Article","@id":"https:\/\/palaceostromecko.pl\/de\/krzysztof-herdzin-eindruecke-von-paderewski\/#article","isPartOf":{"@id":"https:\/\/palaceostromecko.pl\/de\/krzysztof-herdzin-eindruecke-von-paderewski\/"},"author":{"name":"Patrycja Grz\u0119da","@id":"https:\/\/palaceostromecko.pl\/de\/#\/schema\/person\/47a86bfd3506208a79ad1b62bed21092"},"headline":"Krzysztof Herdzin &#8220;Eindr\u00fccke von Paderewski&#8221;","datePublished":"2023-08-04T12:17:10+00:00","dateModified":"2023-12-04T10:18:55+00:00","mainEntityOfPage":{"@id":"https:\/\/palaceostromecko.pl\/de\/krzysztof-herdzin-eindruecke-von-paderewski\/"},"wordCount":279,"image":{"@id":"https:\/\/palaceostromecko.pl\/de\/krzysztof-herdzin-eindruecke-von-paderewski\/#primaryimage"},"thumbnailUrl":"https:\/\/palaceostromecko.pl\/wp-content\/uploads\/2023\/08\/thumbnail_Image-11-1-scaled-e1691151504393.jpg","articleSection":["Was gibt es Neues?"],"inLanguage":"de-DE"},{"@type":"WebPage","@id":"https:\/\/palaceostromecko.pl\/de\/krzysztof-herdzin-eindruecke-von-paderewski\/","url":"https:\/\/palaceostromecko.pl\/de\/krzysztof-herdzin-eindruecke-von-paderewski\/","name":"Krzysztof Herdzin \"Eindr\u00fccke von Paderewski\" - ZPP Ostromecko","isPartOf":{"@id":"https:\/\/palaceostromecko.pl\/de\/#website"},"primaryImageOfPage":{"@id":"https:\/\/palaceostromecko.pl\/de\/krzysztof-herdzin-eindruecke-von-paderewski\/#primaryimage"},"image":{"@id":"https:\/\/palaceostromecko.pl\/de\/krzysztof-herdzin-eindruecke-von-paderewski\/#primaryimage"},"thumbnailUrl":"https:\/\/palaceostromecko.pl\/wp-content\/uploads\/2023\/08\/thumbnail_Image-11-1-scaled-e1691151504393.jpg","datePublished":"2023-08-04T12:17:10+00:00","dateModified":"2023-12-04T10:18:55+00:00","author":{"@id":"https:\/\/palaceostromecko.pl\/de\/#\/schema\/person\/47a86bfd3506208a79ad1b62bed21092"},"breadcrumb":{"@id":"https:\/\/palaceostromecko.pl\/de\/krzysztof-herdzin-eindruecke-von-paderewski\/#breadcrumb"},"inLanguage":"de-DE","potentialAction":[{"@type":"ReadAction","target":["https:\/\/palaceostromecko.pl\/de\/krzysztof-herdzin-eindruecke-von-paderewski\/"]}]},{"@type":"ImageObject","inLanguage":"de-DE","@id":"https:\/\/palaceostromecko.pl\/de\/krzysztof-herdzin-eindruecke-von-paderewski\/#primaryimage","url":"https:\/\/palaceostromecko.pl\/wp-content\/uploads\/2023\/08\/thumbnail_Image-11-1-scaled-e1691151504393.jpg","contentUrl":"https:\/\/palaceostromecko.pl\/wp-content\/uploads\/2023\/08\/thumbnail_Image-11-1-scaled-e1691151504393.jpg","width":1707,"height":2016},{"@type":"BreadcrumbList","@id":"https:\/\/palaceostromecko.pl\/de\/krzysztof-herdzin-eindruecke-von-paderewski\/#breadcrumb","itemListElement":[{"@type":"ListItem","position":1,"name":"Strona g\u0142\u00f3wna","item":"https:\/\/palaceostromecko.pl\/de\/"},{"@type":"ListItem","position":2,"name":"Krzysztof Herdzin &#8222;Eindr\u00fccke von Paderewski&#8220;"}]},{"@type":"WebSite","@id":"https:\/\/palaceostromecko.pl\/de\/#website","url":"https:\/\/palaceostromecko.pl\/de\/","name":"ZPP Ostromecko","description":"","potentialAction":[{"@type":"SearchAction","target":{"@type":"EntryPoint","urlTemplate":"https:\/\/palaceostromecko.pl\/de\/?s={search_term_string}"},"query-input":{"@type":"PropertyValueSpecification","valueRequired":true,"valueName":"search_term_string"}}],"inLanguage":"de-DE"},{"@type":"Person","@id":"https:\/\/palaceostromecko.pl\/de\/#\/schema\/person\/47a86bfd3506208a79ad1b62bed21092","name":"Patrycja Grz\u0119da","image":{"@type":"ImageObject","inLanguage":"de-DE","@id":"https:\/\/palaceostromecko.pl\/de\/#\/schema\/person\/image\/","url":"https:\/\/secure.gravatar.com\/avatar\/1d8560b682c37192b620a7ead49b73b9955755933b7bec87ddb9b3980fe31175?s=96&d=mm&r=g","contentUrl":"https:\/\/secure.gravatar.com\/avatar\/1d8560b682c37192b620a7ead49b73b9955755933b7bec87ddb9b3980fe31175?s=96&d=mm&r=g","caption":"Patrycja Grz\u0119da"}}]}},"_links":{"self":[{"href":"https:\/\/palaceostromecko.pl\/de\/wp-json\/wp\/v2\/posts\/14962","targetHints":{"allow":["GET"]}}],"collection":[{"href":"https:\/\/palaceostromecko.pl\/de\/wp-json\/wp\/v2\/posts"}],"about":[{"href":"https:\/\/palaceostromecko.pl\/de\/wp-json\/wp\/v2\/types\/post"}],"author":[{"embeddable":true,"href":"https:\/\/palaceostromecko.pl\/de\/wp-json\/wp\/v2\/users\/6"}],"replies":[{"embeddable":true,"href":"https:\/\/palaceostromecko.pl\/de\/wp-json\/wp\/v2\/comments?post=14962"}],"version-history":[{"count":3,"href":"https:\/\/palaceostromecko.pl\/de\/wp-json\/wp\/v2\/posts\/14962\/revisions"}],"predecessor-version":[{"id":14991,"href":"https:\/\/palaceostromecko.pl\/de\/wp-json\/wp\/v2\/posts\/14962\/revisions\/14991"}],"wp:featuredmedia":[{"embeddable":true,"href":"https:\/\/palaceostromecko.pl\/de\/wp-json\/wp\/v2\/media\/14965"}],"wp:attachment":[{"href":"https:\/\/palaceostromecko.pl\/de\/wp-json\/wp\/v2\/media?parent=14962"}],"wp:term":[{"taxonomy":"category","embeddable":true,"href":"https:\/\/palaceostromecko.pl\/de\/wp-json\/wp\/v2\/categories?post=14962"},{"taxonomy":"post_tag","embeddable":true,"href":"https:\/\/palaceostromecko.pl\/de\/wp-json\/wp\/v2\/tags?post=14962"}],"curies":[{"name":"wp","href":"https:\/\/api.w.org\/{rel}","templated":true}]}}