{"id":14938,"date":"2023-11-14T11:33:46","date_gmt":"2023-11-14T11:33:46","guid":{"rendered":"https:\/\/po.marcindziadek.pl\/klavierkonzert-von-michal-szymanowski\/"},"modified":"2023-12-04T10:18:56","modified_gmt":"2023-12-04T10:18:56","slug":"klavierkonzert-von-michal-szymanowski","status":"publish","type":"post","link":"https:\/\/palaceostromecko.pl\/de\/klavierkonzert-von-michal-szymanowski\/","title":{"rendered":"Klavierkonzert von Micha\u0142 Szymanowski"},"content":{"rendered":"\n<p><strong>9. November 2023, am. 16.00 \/ Schloss Neu in Ostromecko<\/strong><br\/><strong>Eintritt frei<\/strong><\/p>\n\n<p>Pianist, Kammermusiker und Dirigent. Er schloss sein Studium an der Karol-Szymanowski-Musikakademie mit Auszeichnung ab. F. Nowowiejski<\/p>\n\n<p>in Bydgoszcz in der Klavierklasse von Katarzyna Popowa-Zydro\u0144 sowie Sinfonie- und Operndirigat<\/p>\n\n<p>In der Klasse von Zygmunt Rychert. Er verfeinerte seine F\u00e4higkeiten auch an der Berliner Hochschule f\u00fcr Musik<\/p>\n\n<p>Hanns Eisler, in der Klavierklasse von Eldar Nebolsin. Derzeit ist sie als Assistenzprofessorin t\u00e4tig,<\/p>\n\n<p>Er unterrichtet eine Klavierklasse an seiner Alma Mater.<\/p>\n\n<p>Er ist Preistr\u00e4ger zahlreicher nationaler und internationaler Klavierwettbewerbe, darunter. in:<\/p>\n\n<p>im. S. Moniuszko in Rzesz\u00f3w (2021), im. F. Chopin in Darmstadt (2017), MozARTe in Aachen<\/p>\n\n<p>(2016), im. F. Chopin in Daegu, Korea (2015), den Chopin-Preis f\u00fcr Geisteswissenschaften (2015). J. Zar\u0119bski in Warschau (2012), Yamaha<\/p>\n\n<p>Die Music Foundation of Europe in Katowice (2011), die Janina K. K. K. K., und die Janina P. K., die Janina P., die Janina P., die Janina P. I. J. Paderewski in Bydgoszcz (2010),<\/p>\n\n<p>im. V. Horowitz in Kiew (2007) oder den nationalen Chopin-Klavierwettbewerb in Kiew (2007). F. Chopin<\/p>\n\n<p>in Warschau (2015, 2008). Im Jahr 2015 vertrat er Polen bei der 17. Internationaler Wettbewerb<\/p>\n\n<p>Der J. K. K. Klavierwettbewerb. F. Chopin in Warschau.<\/p>\n\n<p><strong>Micha\u0142 Szymanowski<\/strong> gab Konzerte im UN-Palast der Nationen in Genf, im Auditorium Paul VI. im Vatikan<\/p>\n\n<p>(Konzert f\u00fcr Benedikt XVI.), im Belvedere f\u00fcr den polnischen Staatspr\u00e4sidenten und in zahlreichen Philharmonien in ganz Europa<\/p>\n\n<p>Welt, M. in. in den USA, Brasilien, Argentinien, Venezuela, Japan oder Korea. Er war zu Gast bei Festivals<\/p>\n\n<p>In Polen und im Ausland, darunter: Oficina de M\u00fasica in Curitiba, Chopiniana in Buenos Aires, Festival<\/p>\n\n<p>Europeo de Solistas in Caracas, das Festival Pianistico in Rom, das Long Lake Festival in Lugano sowie das<\/p>\n\n<p>viermal beim Festival &#8220;Chopin and His Europe\u02ee in Warschau, wo er mit Bravour das m. in.<\/p>\n\n<p>Klavierkonzerte von Ignacy Jan Paderewski, J\u00f3zef Wieniawski oder Zygmunt<\/p>\n\n<p>Stojowski.<\/p>\n\n<p>Er hat mit bedeutenden Dirigenten wie Alfredo Rugeles, Juri Gilbo und Jacek Kaspszyk zusammengearbeitet,<\/p>\n\n<p>Grzegorz Nowak, Antoni Wit, Jos\u00e9 Maria Flor\u00eancio oder Marek Pijarowski. Neben dem Solo-Repertoire<\/p>\n\n<p>Michal Szymanowski tritt auch h\u00e4ufig als Kammermusiker auf und tourt mit dem Schlesischen Quartett,<\/p>\n\n<p>Szymanowski Quartett, Erzhan Kulibaev, Romain Garioud, Benedict Kloeckner,<\/p>\n\n<p>Maciej Ku\u0142akowski, Anna Maria Sta\u015bkiewicz, Maria Machowska und andere K\u00fcnstler.<\/p>\n\n<p>Michal Szymanowski hat drei Alben mit Werken polnischer Komponisten aufgenommen. In den Jahren 2011 und 2015, f\u00fcr<\/p>\n\n<p>CD des Labels Accord (Naxos) mit Werken von Fryderyk Chopin, Ignacy Jan Paderewski, Karol<\/p>\n\n<p>Szymanowski und J\u00f3zef Wieniawski. Alben unter dem Namen Micha\u0142 Szymanowski Piano Recital<\/p>\n\n<p>wurden von den Kritikern hoch gelobt. In einer Bewertung hei\u00dft es: &#8220;Eine herrliche Fahrt,<\/p>\n\n<p>mit einem hervorragend choreographierten und ausgefeilten Programm. Es ist das aufrichtige Schaffen von Musik, verbunden mit<\/p>\n\n<p>mit solchen Koryph\u00e4en wie Uchida, Schiff und Brendel&#8221;. Im Jahr 2022 nahm der K\u00fcnstler ein monographisches Album mit<\/p>\n\n<p>mit fr\u00fchen Klavierwerken von Ignacy Jan Paderewski f\u00fcr das Label Sagittaria.<\/p>\n","protected":false},"excerpt":{"rendered":"<p>9. November 2023, am. 16.00 \/ Schloss Neu in OstromeckoEintritt frei Pianist, Kammermusiker und Dirigent. Er schloss sein Studium an der Karol-Szymanowski-Musikakademie mit Auszeichnung ab. F. [&hellip;]<\/p>\n","protected":false},"author":6,"featured_media":14946,"comment_status":"closed","ping_status":"closed","sticky":false,"template":"","format":"standard","meta":{"footnotes":""},"categories":[30],"tags":[],"class_list":["post-14938","post","type-post","status-publish","format-standard","has-post-thumbnail","hentry","category-neuigkeiten"],"yoast_head":"<!-- This site is optimized with the Yoast SEO plugin v27.1.1 - https:\/\/yoast.com\/product\/yoast-seo-wordpress\/ -->\n<title>Klavierkonzert von Micha\u0142 Szymanowski - ZPP Ostromecko<\/title>\n<meta name=\"robots\" content=\"index, follow, max-snippet:-1, max-image-preview:large, max-video-preview:-1\" \/>\n<link rel=\"canonical\" href=\"https:\/\/palaceostromecko.pl\/de\/klavierkonzert-von-michal-szymanowski\/\" \/>\n<meta property=\"og:locale\" content=\"de_DE\" \/>\n<meta property=\"og:type\" content=\"article\" \/>\n<meta property=\"og:title\" content=\"Klavierkonzert von Micha\u0142 Szymanowski - ZPP Ostromecko\" \/>\n<meta property=\"og:description\" content=\"9. November 2023, am. 16.00 \/ Schloss Neu in OstromeckoEintritt frei Pianist, Kammermusiker und Dirigent. Er schloss sein Studium an der Karol-Szymanowski-Musikakademie mit Auszeichnung ab. F. [&hellip;]\" \/>\n<meta property=\"og:url\" content=\"https:\/\/palaceostromecko.pl\/de\/klavierkonzert-von-michal-szymanowski\/\" \/>\n<meta property=\"og:site_name\" content=\"ZPP Ostromecko\" \/>\n<meta property=\"article:published_time\" content=\"2023-11-14T11:33:46+00:00\" \/>\n<meta property=\"article:modified_time\" content=\"2023-12-04T10:18:56+00:00\" \/>\n<meta property=\"og:image\" content=\"https:\/\/palaceostromecko.pl\/wp-content\/uploads\/2023\/11\/Michal-Szymanowski-01-scaled.jpg\" \/>\n\t<meta property=\"og:image:width\" content=\"2560\" \/>\n\t<meta property=\"og:image:height\" content=\"1828\" \/>\n\t<meta property=\"og:image:type\" content=\"image\/jpeg\" \/>\n<meta name=\"author\" content=\"Patrycja Grz\u0119da\" \/>\n<meta name=\"twitter:card\" content=\"summary_large_image\" \/>\n<meta name=\"twitter:label1\" content=\"Written by\" \/>\n\t<meta name=\"twitter:data1\" content=\"Patrycja Grz\u0119da\" \/>\n\t<meta name=\"twitter:label2\" content=\"Est. reading time\" \/>\n\t<meta name=\"twitter:data2\" content=\"2 minutes\" \/>\n<script type=\"application\/ld+json\" class=\"yoast-schema-graph\">{\"@context\":\"https:\/\/schema.org\",\"@graph\":[{\"@type\":\"Article\",\"@id\":\"https:\/\/palaceostromecko.pl\/de\/klavierkonzert-von-michal-szymanowski\/#article\",\"isPartOf\":{\"@id\":\"https:\/\/palaceostromecko.pl\/de\/klavierkonzert-von-michal-szymanowski\/\"},\"author\":{\"name\":\"Patrycja Grz\u0119da\",\"@id\":\"https:\/\/palaceostromecko.pl\/de\/#\/schema\/person\/47a86bfd3506208a79ad1b62bed21092\"},\"headline\":\"Klavierkonzert von Micha\u0142 Szymanowski\",\"datePublished\":\"2023-11-14T11:33:46+00:00\",\"dateModified\":\"2023-12-04T10:18:56+00:00\",\"mainEntityOfPage\":{\"@id\":\"https:\/\/palaceostromecko.pl\/de\/klavierkonzert-von-michal-szymanowski\/\"},\"wordCount\":475,\"image\":{\"@id\":\"https:\/\/palaceostromecko.pl\/de\/klavierkonzert-von-michal-szymanowski\/#primaryimage\"},\"thumbnailUrl\":\"https:\/\/palaceostromecko.pl\/wp-content\/uploads\/2023\/11\/Michal-Szymanowski-01-scaled.jpg\",\"articleSection\":[\"Was gibt es Neues?\"],\"inLanguage\":\"de-DE\"},{\"@type\":\"WebPage\",\"@id\":\"https:\/\/palaceostromecko.pl\/de\/klavierkonzert-von-michal-szymanowski\/\",\"url\":\"https:\/\/palaceostromecko.pl\/de\/klavierkonzert-von-michal-szymanowski\/\",\"name\":\"Klavierkonzert von Micha\u0142 Szymanowski - ZPP Ostromecko\",\"isPartOf\":{\"@id\":\"https:\/\/palaceostromecko.pl\/de\/#website\"},\"primaryImageOfPage\":{\"@id\":\"https:\/\/palaceostromecko.pl\/de\/klavierkonzert-von-michal-szymanowski\/#primaryimage\"},\"image\":{\"@id\":\"https:\/\/palaceostromecko.pl\/de\/klavierkonzert-von-michal-szymanowski\/#primaryimage\"},\"thumbnailUrl\":\"https:\/\/palaceostromecko.pl\/wp-content\/uploads\/2023\/11\/Michal-Szymanowski-01-scaled.jpg\",\"datePublished\":\"2023-11-14T11:33:46+00:00\",\"dateModified\":\"2023-12-04T10:18:56+00:00\",\"author\":{\"@id\":\"https:\/\/palaceostromecko.pl\/de\/#\/schema\/person\/47a86bfd3506208a79ad1b62bed21092\"},\"breadcrumb\":{\"@id\":\"https:\/\/palaceostromecko.pl\/de\/klavierkonzert-von-michal-szymanowski\/#breadcrumb\"},\"inLanguage\":\"de-DE\",\"potentialAction\":[{\"@type\":\"ReadAction\",\"target\":[\"https:\/\/palaceostromecko.pl\/de\/klavierkonzert-von-michal-szymanowski\/\"]}]},{\"@type\":\"ImageObject\",\"inLanguage\":\"de-DE\",\"@id\":\"https:\/\/palaceostromecko.pl\/de\/klavierkonzert-von-michal-szymanowski\/#primaryimage\",\"url\":\"https:\/\/palaceostromecko.pl\/wp-content\/uploads\/2023\/11\/Michal-Szymanowski-01-scaled.jpg\",\"contentUrl\":\"https:\/\/palaceostromecko.pl\/wp-content\/uploads\/2023\/11\/Michal-Szymanowski-01-scaled.jpg\",\"width\":2560,\"height\":1828},{\"@type\":\"BreadcrumbList\",\"@id\":\"https:\/\/palaceostromecko.pl\/de\/klavierkonzert-von-michal-szymanowski\/#breadcrumb\",\"itemListElement\":[{\"@type\":\"ListItem\",\"position\":1,\"name\":\"Strona g\u0142\u00f3wna\",\"item\":\"https:\/\/palaceostromecko.pl\/de\/\"},{\"@type\":\"ListItem\",\"position\":2,\"name\":\"Klavierkonzert von Micha\u0142 Szymanowski\"}]},{\"@type\":\"WebSite\",\"@id\":\"https:\/\/palaceostromecko.pl\/de\/#website\",\"url\":\"https:\/\/palaceostromecko.pl\/de\/\",\"name\":\"ZPP Ostromecko\",\"description\":\"\",\"potentialAction\":[{\"@type\":\"SearchAction\",\"target\":{\"@type\":\"EntryPoint\",\"urlTemplate\":\"https:\/\/palaceostromecko.pl\/de\/?s={search_term_string}\"},\"query-input\":{\"@type\":\"PropertyValueSpecification\",\"valueRequired\":true,\"valueName\":\"search_term_string\"}}],\"inLanguage\":\"de-DE\"},{\"@type\":\"Person\",\"@id\":\"https:\/\/palaceostromecko.pl\/de\/#\/schema\/person\/47a86bfd3506208a79ad1b62bed21092\",\"name\":\"Patrycja Grz\u0119da\",\"image\":{\"@type\":\"ImageObject\",\"inLanguage\":\"de-DE\",\"@id\":\"https:\/\/palaceostromecko.pl\/de\/#\/schema\/person\/image\/\",\"url\":\"https:\/\/secure.gravatar.com\/avatar\/1d8560b682c37192b620a7ead49b73b9955755933b7bec87ddb9b3980fe31175?s=96&d=mm&r=g\",\"contentUrl\":\"https:\/\/secure.gravatar.com\/avatar\/1d8560b682c37192b620a7ead49b73b9955755933b7bec87ddb9b3980fe31175?s=96&d=mm&r=g\",\"caption\":\"Patrycja Grz\u0119da\"}}]}<\/script>\n<!-- \/ Yoast SEO plugin. -->","yoast_head_json":{"title":"Klavierkonzert von Micha\u0142 Szymanowski - ZPP Ostromecko","robots":{"index":"index","follow":"follow","max-snippet":"max-snippet:-1","max-image-preview":"max-image-preview:large","max-video-preview":"max-video-preview:-1"},"canonical":"https:\/\/palaceostromecko.pl\/de\/klavierkonzert-von-michal-szymanowski\/","og_locale":"de_DE","og_type":"article","og_title":"Klavierkonzert von Micha\u0142 Szymanowski - ZPP Ostromecko","og_description":"9. November 2023, am. 16.00 \/ Schloss Neu in OstromeckoEintritt frei Pianist, Kammermusiker und Dirigent. Er schloss sein Studium an der Karol-Szymanowski-Musikakademie mit Auszeichnung ab. F. [&hellip;]","og_url":"https:\/\/palaceostromecko.pl\/de\/klavierkonzert-von-michal-szymanowski\/","og_site_name":"ZPP Ostromecko","article_published_time":"2023-11-14T11:33:46+00:00","article_modified_time":"2023-12-04T10:18:56+00:00","og_image":[{"width":2560,"height":1828,"url":"https:\/\/palaceostromecko.pl\/wp-content\/uploads\/2023\/11\/Michal-Szymanowski-01-scaled.jpg","type":"image\/jpeg"}],"author":"Patrycja Grz\u0119da","twitter_card":"summary_large_image","twitter_misc":{"Written by":"Patrycja Grz\u0119da","Est. reading time":"2 minutes"},"schema":{"@context":"https:\/\/schema.org","@graph":[{"@type":"Article","@id":"https:\/\/palaceostromecko.pl\/de\/klavierkonzert-von-michal-szymanowski\/#article","isPartOf":{"@id":"https:\/\/palaceostromecko.pl\/de\/klavierkonzert-von-michal-szymanowski\/"},"author":{"name":"Patrycja Grz\u0119da","@id":"https:\/\/palaceostromecko.pl\/de\/#\/schema\/person\/47a86bfd3506208a79ad1b62bed21092"},"headline":"Klavierkonzert von Micha\u0142 Szymanowski","datePublished":"2023-11-14T11:33:46+00:00","dateModified":"2023-12-04T10:18:56+00:00","mainEntityOfPage":{"@id":"https:\/\/palaceostromecko.pl\/de\/klavierkonzert-von-michal-szymanowski\/"},"wordCount":475,"image":{"@id":"https:\/\/palaceostromecko.pl\/de\/klavierkonzert-von-michal-szymanowski\/#primaryimage"},"thumbnailUrl":"https:\/\/palaceostromecko.pl\/wp-content\/uploads\/2023\/11\/Michal-Szymanowski-01-scaled.jpg","articleSection":["Was gibt es Neues?"],"inLanguage":"de-DE"},{"@type":"WebPage","@id":"https:\/\/palaceostromecko.pl\/de\/klavierkonzert-von-michal-szymanowski\/","url":"https:\/\/palaceostromecko.pl\/de\/klavierkonzert-von-michal-szymanowski\/","name":"Klavierkonzert von Micha\u0142 Szymanowski - ZPP Ostromecko","isPartOf":{"@id":"https:\/\/palaceostromecko.pl\/de\/#website"},"primaryImageOfPage":{"@id":"https:\/\/palaceostromecko.pl\/de\/klavierkonzert-von-michal-szymanowski\/#primaryimage"},"image":{"@id":"https:\/\/palaceostromecko.pl\/de\/klavierkonzert-von-michal-szymanowski\/#primaryimage"},"thumbnailUrl":"https:\/\/palaceostromecko.pl\/wp-content\/uploads\/2023\/11\/Michal-Szymanowski-01-scaled.jpg","datePublished":"2023-11-14T11:33:46+00:00","dateModified":"2023-12-04T10:18:56+00:00","author":{"@id":"https:\/\/palaceostromecko.pl\/de\/#\/schema\/person\/47a86bfd3506208a79ad1b62bed21092"},"breadcrumb":{"@id":"https:\/\/palaceostromecko.pl\/de\/klavierkonzert-von-michal-szymanowski\/#breadcrumb"},"inLanguage":"de-DE","potentialAction":[{"@type":"ReadAction","target":["https:\/\/palaceostromecko.pl\/de\/klavierkonzert-von-michal-szymanowski\/"]}]},{"@type":"ImageObject","inLanguage":"de-DE","@id":"https:\/\/palaceostromecko.pl\/de\/klavierkonzert-von-michal-szymanowski\/#primaryimage","url":"https:\/\/palaceostromecko.pl\/wp-content\/uploads\/2023\/11\/Michal-Szymanowski-01-scaled.jpg","contentUrl":"https:\/\/palaceostromecko.pl\/wp-content\/uploads\/2023\/11\/Michal-Szymanowski-01-scaled.jpg","width":2560,"height":1828},{"@type":"BreadcrumbList","@id":"https:\/\/palaceostromecko.pl\/de\/klavierkonzert-von-michal-szymanowski\/#breadcrumb","itemListElement":[{"@type":"ListItem","position":1,"name":"Strona g\u0142\u00f3wna","item":"https:\/\/palaceostromecko.pl\/de\/"},{"@type":"ListItem","position":2,"name":"Klavierkonzert von Micha\u0142 Szymanowski"}]},{"@type":"WebSite","@id":"https:\/\/palaceostromecko.pl\/de\/#website","url":"https:\/\/palaceostromecko.pl\/de\/","name":"ZPP Ostromecko","description":"","potentialAction":[{"@type":"SearchAction","target":{"@type":"EntryPoint","urlTemplate":"https:\/\/palaceostromecko.pl\/de\/?s={search_term_string}"},"query-input":{"@type":"PropertyValueSpecification","valueRequired":true,"valueName":"search_term_string"}}],"inLanguage":"de-DE"},{"@type":"Person","@id":"https:\/\/palaceostromecko.pl\/de\/#\/schema\/person\/47a86bfd3506208a79ad1b62bed21092","name":"Patrycja Grz\u0119da","image":{"@type":"ImageObject","inLanguage":"de-DE","@id":"https:\/\/palaceostromecko.pl\/de\/#\/schema\/person\/image\/","url":"https:\/\/secure.gravatar.com\/avatar\/1d8560b682c37192b620a7ead49b73b9955755933b7bec87ddb9b3980fe31175?s=96&d=mm&r=g","contentUrl":"https:\/\/secure.gravatar.com\/avatar\/1d8560b682c37192b620a7ead49b73b9955755933b7bec87ddb9b3980fe31175?s=96&d=mm&r=g","caption":"Patrycja Grz\u0119da"}}]}},"_links":{"self":[{"href":"https:\/\/palaceostromecko.pl\/de\/wp-json\/wp\/v2\/posts\/14938","targetHints":{"allow":["GET"]}}],"collection":[{"href":"https:\/\/palaceostromecko.pl\/de\/wp-json\/wp\/v2\/posts"}],"about":[{"href":"https:\/\/palaceostromecko.pl\/de\/wp-json\/wp\/v2\/types\/post"}],"author":[{"embeddable":true,"href":"https:\/\/palaceostromecko.pl\/de\/wp-json\/wp\/v2\/users\/6"}],"replies":[{"embeddable":true,"href":"https:\/\/palaceostromecko.pl\/de\/wp-json\/wp\/v2\/comments?post=14938"}],"version-history":[{"count":3,"href":"https:\/\/palaceostromecko.pl\/de\/wp-json\/wp\/v2\/posts\/14938\/revisions"}],"predecessor-version":[{"id":14976,"href":"https:\/\/palaceostromecko.pl\/de\/wp-json\/wp\/v2\/posts\/14938\/revisions\/14976"}],"wp:featuredmedia":[{"embeddable":true,"href":"https:\/\/palaceostromecko.pl\/de\/wp-json\/wp\/v2\/media\/14946"}],"wp:attachment":[{"href":"https:\/\/palaceostromecko.pl\/de\/wp-json\/wp\/v2\/media?parent=14938"}],"wp:term":[{"taxonomy":"category","embeddable":true,"href":"https:\/\/palaceostromecko.pl\/de\/wp-json\/wp\/v2\/categories?post=14938"},{"taxonomy":"post_tag","embeddable":true,"href":"https:\/\/palaceostromecko.pl\/de\/wp-json\/wp\/v2\/tags?post=14938"}],"curies":[{"name":"wp","href":"https:\/\/api.w.org\/{rel}","templated":true}]}}